{"id":4701,"date":"2026-09-02T09:41:39","date_gmt":"2026-09-02T07:41:39","guid":{"rendered":"https:\/\/eu.fena.ba\/?p=4701"},"modified":"2026-09-02T09:41:39","modified_gmt":"2026-09-02T07:41:39","slug":"bugarska-solidarna-s-njemackom-nakon-hibridnog-napada-u-leipzigu","status":"publish","type":"post","link":"https:\/\/eu.fena.ba\/?p=4701","title":{"rendered":"Bugarska solidarna s Njema\u010dkom nakon hibridnog napada u Leipzigu"},"content":{"rendered":"\n<p class=\"wp-block-paragraph\">SOFIJA &#8211; Bugarska je solidarna s Njema\u010dkom nakon hibridnog napada u Leipzigu, saop\u0107ilo je u srijedu bugarsko Ministarstvo vanjskih poslova.<\/p>\n\n\n\n<p class=\"wp-block-paragraph\">&#8211; Hibridni napadi na na\u0161e partnere i saveznike su neprihvatljivi. Bugarska \u0107e nastaviti podr\u017eavati sna\u017ene i koordinirane napore u suzbijanju hibridnih prijetnji i za\u0161titi na\u0161e zajedni\u010dke sigurnosti, saop\u0107ilo je Ministarstvo, javlja BTA.<\/p>\n\n\n\n<p class=\"wp-block-paragraph\">Njema\u010dka vlada u utorak je optu\u017eila Rusiju da stoji iza neuspjelog napada dronom natovarenim eksplozivom usmjerenog na zra\u010dnu luku Leipzig\/Halle.<\/p>\n\n\n\n<p class=\"wp-block-paragraph\">Berlin je najavio niz mjera odmazde, uklju\u010duju\u0107i zatvaranje ruskog generalnog konzulata u Bonnu i raskid ugovora o najmu Ruskog doma, kulturnog centra u Berlinu.<\/p>\n","protected":false},"excerpt":{"rendered":"<p>SOFIJA &#8211; Bugarska je solidarna s Njema\u010dkom nakon hibridnog napada u Leipzigu, saop\u0107ilo je u srijedu bugarsko Ministarstvo vanjskih poslova. &#8211; Hibridni napadi na na\u0161e partnere i saveznike su neprihvatljivi. Bugarska \u0107e nastaviti podr\u017eavati sna\u017ene i koordinirane napore u suzbijanju hibridnih prijetnji i za\u0161titi na\u0161e zajedni\u010dke sigurnosti, saop\u0107ilo je Ministarstvo, javlja BTA. Njema\u010dka vlada u [&hellip;]<\/p>\n","protected":false},"author":3,"featured_media":3436,"comment_status":"closed","ping_status":"closed","sticky":false,"template":"","format":"standard","meta":{"footnotes":""},"categories":[2],"tags":[482,45,48],"class_list":["post-4701","post","type-post","status-publish","format-standard","has-post-thumbnail","hentry","category-eu-institucije","tag-bugarska","tag-njemacka","tag-rusija"],"_links":{"self":[{"href":"https:\/\/eu.fena.ba\/index.php?rest_route=\/wp\/v2\/posts\/4701","targetHints":{"allow":["GET"]}}],"collection":[{"href":"https:\/\/eu.fena.ba\/index.php?rest_route=\/wp\/v2\/posts"}],"about":[{"href":"https:\/\/eu.fena.ba\/index.php?rest_route=\/wp\/v2\/types\/post"}],"author":[{"embeddable":true,"href":"https:\/\/eu.fena.ba\/index.php?rest_route=\/wp\/v2\/users\/3"}],"replies":[{"embeddable":true,"href":"https:\/\/eu.fena.ba\/index.php?rest_route=%2Fwp%2Fv2%2Fcomments&post=4701"}],"version-history":[{"count":1,"href":"https:\/\/eu.fena.ba\/index.php?rest_route=\/wp\/v2\/posts\/4701\/revisions"}],"predecessor-version":[{"id":4702,"href":"https:\/\/eu.fena.ba\/index.php?rest_route=\/wp\/v2\/posts\/4701\/revisions\/4702"}],"wp:featuredmedia":[{"embeddable":true,"href":"https:\/\/eu.fena.ba\/index.php?rest_route=\/wp\/v2\/media\/3436"}],"wp:attachment":[{"href":"https:\/\/eu.fena.ba\/index.php?rest_route=%2Fwp%2Fv2%2Fmedia&parent=4701"}],"wp:term":[{"taxonomy":"category","embeddable":true,"href":"https:\/\/eu.fena.ba\/index.php?rest_route=%2Fwp%2Fv2%2Fcategories&post=4701"},{"taxonomy":"post_tag","embeddable":true,"href":"https:\/\/eu.fena.ba\/index.php?rest_route=%2Fwp%2Fv2%2Ftags&post=4701"}],"curies":[{"name":"wp","href":"https:\/\/api.w.org\/{rel}","templated":true}]}}