{"id":4699,"date":"2026-09-02T09:37:11","date_gmt":"2026-09-02T07:37:11","guid":{"rendered":"https:\/\/eu.fena.ba\/?p=4699"},"modified":"2026-09-02T09:37:11","modified_gmt":"2026-09-02T07:37:11","slug":"predsjednik-europskog-vijeca-antonio-costa-u-posjetu-sloveniji","status":"publish","type":"post","link":"https:\/\/eu.fena.ba\/?p=4699","title":{"rendered":"Predsjednik Europskog vije\u0107a Antonio Costa u posjetu Sloveniji"},"content":{"rendered":"\n<p class=\"wp-block-paragraph\">LJUBLJANA &#8211; Predsjednik Europskog vije\u0107a Antonio Costa posjetit \u0107e u petak Sloveniju gdje \u0107e razgovarati sa slovenskim premijerom Janezom Jan\u0161om o pro\u0161irenju Europske unije (EU), gospodarskoj konkurentnosti i migracijama, a u sklopu svoje turneje po europskim prijestolnicama.<\/p>\n\n\n\n<p class=\"wp-block-paragraph\">Tom prigodom Costa i Jan\u0161a razgovarat \u0107e o prijedlogu dugoro\u010dnog prora\u010duna EU-a (VFO) za razdoblje 2028.-34. o kojem pregovori ulaze u odlu\u010duju\u0107u fazu te kontinuiranoj podr\u0161ci Ukrajini u borbi protiv ruske agresije.<\/p>\n\n\n\n<p class=\"wp-block-paragraph\">&#8220;Prora\u010dun EU-a, kao i nacionalni prora\u010dun, ima ograni\u010dena sredstva za ispunjavanje svojih prioriteta. Uglavnom se financira doprinosima dr\u017eava \u010dlanica, koji se moraju odr\u017eavati na razumnoj razini. Stoga \u0107e uravnote\u017eeni dogovor o vlastitim izvorima financiranja biti bitan dio sveobuhvatnog sporazuma&#8221;, napisao je Costa na dru\u0161tvenoj mre\u017ei X.<\/p>\n\n\n\n<p class=\"wp-block-paragraph\">Nakon lipanjskog summita EU-a u Bruxellesu, Jan\u0161a je procijenio da financiranje prora\u010duna iz Sustava trgovanja emisijama (ETS) ne\u0107e dobiti dovoljnu podr\u0161ku. Me\u0111u mogu\u0107im izvorima spomenuo je i porez na online kockanje, \u010dije bi uvo\u0111enje Slovenija mogla podr\u017eati. Me\u0111utim, prema rije\u010dima premijera, skepti\u010dna je prema smanjenju udjela prikupljenih carina koje idu dr\u017eavama \u010dlanicama.<\/p>\n\n\n\n<p class=\"wp-block-paragraph\">Kako javlja STA, Slovenija bi mogla dobiti dodatnih nekoliko stotina milijuna eura u usporedbi s prijedlogom Komisije, prema kojem bi za kohezijsku, poljoprivrednu i neke druge politike dobila 5,4 milijarde eura.<\/p>\n\n\n\n<p class=\"wp-block-paragraph\">Prema Costinim rije\u010dima, dogovor se mora posti\u0107i do kraja ove godine, ina\u010de bi moglo do\u0107i do poreme\u0107aja u financiranju gra\u0111ana 2028. godine.<\/p>\n\n\n\n<p class=\"wp-block-paragraph\">Predsjednik Europskog vije\u0107a zavr\u0161it \u0107e svoju turneju 17. rujna a mjesec dana kasnije, u Bruxellesu \u0107e se odr\u017eati redovni listopadski sastanak \u010delnika dr\u017eava \u010dlanica, prije kojeg \u0107e irsko predsjedni\u0161tvo Vije\u0107a EU predstaviti novi prijedlog okvira za pregovore.<\/p>\n\n\n\n<p class=\"wp-block-paragraph\">Neformalni sastanak slijedi sredinom studenog u Irskoj, a krajem studenog Costa \u0107e po potrebi sazvati izvanredni sastanak o VFO-u. Cilj je posti\u0107i dogovor o prora\u010dunu na posljednjem ovogodi\u0161njem summitu EU-a u drugoj polovici prosinca.<\/p>\n","protected":false},"excerpt":{"rendered":"<p>LJUBLJANA &#8211; Predsjednik Europskog vije\u0107a Antonio Costa posjetit \u0107e u petak Sloveniju gdje \u0107e razgovarati sa slovenskim premijerom Janezom Jan\u0161om o pro\u0161irenju Europske unije (EU), gospodarskoj konkurentnosti i migracijama, a u sklopu svoje turneje po europskim prijestolnicama. Tom prigodom Costa i Jan\u0161a razgovarat \u0107e o prijedlogu dugoro\u010dnog prora\u010duna EU-a (VFO) za razdoblje 2028.-34. o kojem [&hellip;]<\/p>\n","protected":false},"author":6,"featured_media":1667,"comment_status":"closed","ping_status":"closed","sticky":false,"template":"","format":"standard","meta":{"footnotes":""},"categories":[2],"tags":[425,19,276],"class_list":["post-4699","post","type-post","status-publish","format-standard","has-post-thumbnail","hentry","category-eu-institucije","tag-antonio-costa","tag-eu","tag-slovenija"],"_links":{"self":[{"href":"https:\/\/eu.fena.ba\/index.php?rest_route=\/wp\/v2\/posts\/4699","targetHints":{"allow":["GET"]}}],"collection":[{"href":"https:\/\/eu.fena.ba\/index.php?rest_route=\/wp\/v2\/posts"}],"about":[{"href":"https:\/\/eu.fena.ba\/index.php?rest_route=\/wp\/v2\/types\/post"}],"author":[{"embeddable":true,"href":"https:\/\/eu.fena.ba\/index.php?rest_route=\/wp\/v2\/users\/6"}],"replies":[{"embeddable":true,"href":"https:\/\/eu.fena.ba\/index.php?rest_route=%2Fwp%2Fv2%2Fcomments&post=4699"}],"version-history":[{"count":1,"href":"https:\/\/eu.fena.ba\/index.php?rest_route=\/wp\/v2\/posts\/4699\/revisions"}],"predecessor-version":[{"id":4700,"href":"https:\/\/eu.fena.ba\/index.php?rest_route=\/wp\/v2\/posts\/4699\/revisions\/4700"}],"wp:featuredmedia":[{"embeddable":true,"href":"https:\/\/eu.fena.ba\/index.php?rest_route=\/wp\/v2\/media\/1667"}],"wp:attachment":[{"href":"https:\/\/eu.fena.ba\/index.php?rest_route=%2Fwp%2Fv2%2Fmedia&parent=4699"}],"wp:term":[{"taxonomy":"category","embeddable":true,"href":"https:\/\/eu.fena.ba\/index.php?rest_route=%2Fwp%2Fv2%2Fcategories&post=4699"},{"taxonomy":"post_tag","embeddable":true,"href":"https:\/\/eu.fena.ba\/index.php?rest_route=%2Fwp%2Fv2%2Ftags&post=4699"}],"curies":[{"name":"wp","href":"https:\/\/api.w.org\/{rel}","templated":true}]}}