{"id":4691,"date":"2026-09-01T14:22:39","date_gmt":"2026-09-01T12:22:39","guid":{"rendered":"https:\/\/eu.fena.ba\/?p=4691"},"modified":"2026-09-01T14:22:40","modified_gmt":"2026-09-01T12:22:40","slug":"ek-upozorava-da-je-neprihvatljivo-svako-mijesanje-u-proces-pristupanja-crne-gore-u-eu-u","status":"publish","type":"post","link":"https:\/\/eu.fena.ba\/?p=4691","title":{"rendered":"EK upozorava da je neprihvatljivo svako mije\u0161anje u proces pristupanja Crne Gore u EU-u"},"content":{"rendered":"\n<p class=\"wp-block-paragraph\">PODGORICA &#8211; Europska komisija je ocijenila kako je &#8220;neprihvatljivo&#8221; svako mije\u0161anje u proces pristupanja Crne Gore Europskoj uniji te kako pa\u017eljivo prati razvoj doga\u0111aja u toj zemlji koja je otvorila sva pregovara\u010dka poglavlja.<\/p>\n\n\n\n<p class=\"wp-block-paragraph\">&#8220;Ostajemo u bliskom kontaktu s crnogorskim vlastima i nastavljamo pa\u017eljivo pratiti razvoj doga\u0111aja kako bismo podr\u017eali stabilnost zemlje i njen put ka \u010dlanstvu u EU&#8221;, kazao je u izjavi za Radio Slobodna Europa glasnogovornik Europske komisije.<\/p>\n\n\n\n<p class=\"wp-block-paragraph\">Premijer Crne Gore Milojko Spaji\u0107 kazao je krajem kolovoza da vlasti te zemlje imaju ozbiljne sigurnosne operativne informacije i da \u0107e najavljeno zatvaranje poglavlja u pristupnim pregovorima s EU biti pra\u0107eno koordiniranim hibridnim djelovanjem, u koje su uklju\u010deni du\u017enosnici najmanje dvije dr\u017eave regije .<\/p>\n\n\n\n<p class=\"wp-block-paragraph\">&#8220;Prema na\u0161im saznanjima, takve aktivnosti imaju za cilj destabilizaciju Crne Gore, uz o\u010dekivanu podr\u0161ku pojedinih politi\u010dkih aktera i djela medijske scene u na\u0161oj zemlji&#8221;, napisao je Spaji\u0107 na dru\u0161tvenoj mre\u017ei X no nije kazao o kojim je zemljama rije\u010d niti je prezentirao dokaze za svoju tvrdnju.<\/p>\n\n\n\n<p class=\"wp-block-paragraph\">Europska unija, s druge strane, nudi podr\u0161ku Crnoj Gori u borbi protiv hibridnih prijetnji, \u0161to uklju\u010duje i prijetnje koje imaju za cilj ugroziti put Crne Gore ka \u010dlanstvu u EU.<\/p>\n\n\n\n<p class=\"wp-block-paragraph\">&#8220;Ova podr\u0161ka usmjerena je na ja\u010danje demokratskih institucija, otpornosti medija i medijske pismenosti, kao i na kiberneti\u010dku opasnost&#8221;, priop\u0107eno je iz Europske komisije.<\/p>\n\n\n\n<p class=\"wp-block-paragraph\">Europska komisija upozorila je u petak, komentiraju\u0107i informacije da je vi\u0161e crnogorskih politi\u010dara i du\u017enosnika vladaju\u0107ih stranaka veli\u010dalo lik i djelo Ratka Mladi\u0107a, da je svako veli\u010danje ratnih zlo\u010dinaca u suprotnosti s europskim vrijednostima i da za to nema mjesta ni u Europskoj uniji, ni u kandidatima za \u010dlanstvo.<\/p>\n\n\n\n<p class=\"wp-block-paragraph\">Me\u0111u crnogorskim du\u017enosnicima koji su veli\u010dali Ratka Mladi\u0107a istaknuo se predsjednik Skup\u0161tine Crne Gore i \u010delnik Nove srpske demokracije (NSD) Andrija Mandi\u0107, koji je rekao da je obitelji uputio su\u0107ut u svoje ime i ime stranke.<\/p>\n\n\n\n<p class=\"wp-block-paragraph\">Radna skupina Vije\u0107a Europske unije za pro\u0161irenje u ovom bi tjednu trebala razmatrati nacrte pozicija za zatvaranje \u010detiri pregovara\u010dka poglavlja u pregovorima s Crnom Gorom.<\/p>\n\n\n\n<p class=\"wp-block-paragraph\">Rije\u010d je o poglavljima 14 (prometna politika), 12 (sigurnost hrane), 18 (statistika) i 19 (socijalna politika i zapo\u0161ljavanje), objavila je Radiotelevizija Crne Gore.<\/p>\n\n\n\n<p class=\"wp-block-paragraph\">U Podgorici vjeruju da bi ova \u010detiri poglavlja mogla biti vrlo brzo zatvorena na Me\u0111uvladinoj konferenciji Crne Gore i Europske unije, koja se o\u010dekuje u rujnu.<\/p>\n\n\n\n<p class=\"wp-block-paragraph\">Crna Gora je do sada otvorila sva 33 pregovara\u010dka poglavlja u procesu pristupanja Europskoj uniji, dok je 18 poglavlja privremeno zatvoreno.<\/p>\n\n\n\n<p class=\"wp-block-paragraph\">Crna Gora treba jo\u0161 i rije\u0161iti otvorena pitanja s Hrvatskom, a me\u0111u njima je brod Jadran, razgrani\u010denje, nestale osobe i procesuiranje ratnih zlo\u010dina no u toj zemlji vjeruju da bi do kraja 2028. godine Crna Gora mogla postati punopravna \u010dlanica EU.<\/p>\n","protected":false},"excerpt":{"rendered":"<p>PODGORICA &#8211; Europska komisija je ocijenila kako je &#8220;neprihvatljivo&#8221; svako mije\u0161anje u proces pristupanja Crne Gore Europskoj uniji te kako pa\u017eljivo prati razvoj doga\u0111aja u toj zemlji koja je otvorila sva pregovara\u010dka poglavlja. &#8220;Ostajemo u bliskom kontaktu s crnogorskim vlastima i nastavljamo pa\u017eljivo pratiti razvoj doga\u0111aja kako bismo podr\u017eali stabilnost zemlje i njen put ka [&hellip;]<\/p>\n","protected":false},"author":3,"featured_media":4692,"comment_status":"closed","ping_status":"closed","sticky":false,"template":"","format":"standard","meta":{"footnotes":""},"categories":[2],"tags":[89],"class_list":["post-4691","post","type-post","status-publish","format-standard","has-post-thumbnail","hentry","category-eu-institucije","tag-crna-gora"],"_links":{"self":[{"href":"https:\/\/eu.fena.ba\/index.php?rest_route=\/wp\/v2\/posts\/4691","targetHints":{"allow":["GET"]}}],"collection":[{"href":"https:\/\/eu.fena.ba\/index.php?rest_route=\/wp\/v2\/posts"}],"about":[{"href":"https:\/\/eu.fena.ba\/index.php?rest_route=\/wp\/v2\/types\/post"}],"author":[{"embeddable":true,"href":"https:\/\/eu.fena.ba\/index.php?rest_route=\/wp\/v2\/users\/3"}],"replies":[{"embeddable":true,"href":"https:\/\/eu.fena.ba\/index.php?rest_route=%2Fwp%2Fv2%2Fcomments&post=4691"}],"version-history":[{"count":1,"href":"https:\/\/eu.fena.ba\/index.php?rest_route=\/wp\/v2\/posts\/4691\/revisions"}],"predecessor-version":[{"id":4693,"href":"https:\/\/eu.fena.ba\/index.php?rest_route=\/wp\/v2\/posts\/4691\/revisions\/4693"}],"wp:featuredmedia":[{"embeddable":true,"href":"https:\/\/eu.fena.ba\/index.php?rest_route=\/wp\/v2\/media\/4692"}],"wp:attachment":[{"href":"https:\/\/eu.fena.ba\/index.php?rest_route=%2Fwp%2Fv2%2Fmedia&parent=4691"}],"wp:term":[{"taxonomy":"category","embeddable":true,"href":"https:\/\/eu.fena.ba\/index.php?rest_route=%2Fwp%2Fv2%2Fcategories&post=4691"},{"taxonomy":"post_tag","embeddable":true,"href":"https:\/\/eu.fena.ba\/index.php?rest_route=%2Fwp%2Fv2%2Ftags&post=4691"}],"curies":[{"name":"wp","href":"https:\/\/api.w.org\/{rel}","templated":true}]}}