{"id":4688,"date":"2026-09-01T12:15:30","date_gmt":"2026-09-01T10:15:30","guid":{"rendered":"https:\/\/eu.fena.ba\/?p=4688"},"modified":"2026-09-01T12:15:31","modified_gmt":"2026-09-01T10:15:31","slug":"prosirenje-je-jedan-od-najsnaznijih-a-istodobno-najjeftinijih-instrumenata-vanjske-politike-eu","status":"publish","type":"post","link":"https:\/\/eu.fena.ba\/?p=4688","title":{"rendered":"Pro\u0161irenje je jedan od najsna\u017enijih, a istodobno najjeftinijih instrumenata vanjske politike EU"},"content":{"rendered":"\n<p class=\"wp-block-paragraph\">BLED &#8211; Generalna tajnica Paneuropske unije Bosne i Hercegovine\u00a0Zvonimira Jaki\u0107\u00a0boravi u Sloveniji, gdje u Kranjskoj Gori i na Bled Strategic Forumu sudjeluje u razgovorima posve\u0107enima budu\u0107nosti europskog pro\u0161irenja, polo\u017eaju Bosne i Hercegovine i dr\u017eava Zapadnog Balkana te novim modelima pribli\u017eavanja dr\u017eava kandidatkinja Europskoj uniji, saop\u0107eno je iz Paneuropske unije.<\/p>\n\n\n\n<p class=\"wp-block-paragraph\">Jaki\u0107 u Sloveniji boravi s&nbsp;delegacijom 13 mladih ljudi iz Bosne i Hercegovine, sudionika druge generacije programa&nbsp;ENTER: CHANGE, koji provodi Centre for European Perspective (CEP), uz potporu&nbsp;Ministarstva vanjskih i europskih poslova Republike Slovenije. Program mladim liderima iz Bosne i Hercegovine omogu\u0107uje neposredan dijalog s europskim diplomatima, donositeljima odluka i stru\u010dnjacima te sudjelovanje na Bled Strategic Forumu.<\/p>\n\n\n\n<p class=\"wp-block-paragraph\">Jedna od sredi\u0161njih politi\u010dkih tema Foruma bilo je&nbsp;pro\u0161irenje Europske unije kao geopoliti\u010dki i strate\u0161ki instrument, uz pitanje mo\u017ee li postoje\u0107i model pristupanja odgovoriti na nove sigurnosne i geopoliti\u010dke okolnosti u Europi.<\/p>\n\n\n\n<p class=\"wp-block-paragraph\">Europska povjerenica za pro\u0161irenje&nbsp;Marta Kos&nbsp;naglasila je da dr\u017eave Zapadnog Balkana ne\u0107e pristupati Europskoj uniji kao skupina, nego prema individualnim rezultatima.<\/p>\n\n\n\n<p class=\"wp-block-paragraph\">&#8211; Dr\u017eave Zapadnog Balkana ne\u0107e u\u0107i u Europsku uniju kao grupa, jer imamo princip koji se temelji na zaslugama &#8211; kazala je ona.<\/p>\n\n\n\n<p class=\"wp-block-paragraph\">Kos je istodobno ukazala na potrebu prilago\u0111avanja politike pro\u0161irenja novim okolnostima, podsje\u0107aju\u0107i da se europski pristup pro\u0161irenju u velikoj mjeri oslanja na metodologiju razvijanu tijekom prethodnih desetlje\u0107a.<\/p>\n\n\n\n<p class=\"wp-block-paragraph\">&#8211; Jo\u0161 uvijek koristimo metodologiju pro\u0161irenja koja se koristila prije 40 godina, kada su \u0160panjolska i Portugal postali \u010dlanice. A mi danas nemamo vremena. Moramo prona\u0107i nove na\u010dine &#8211; istaknula je.<\/p>\n\n\n\n<p class=\"wp-block-paragraph\">Ministar vanjskih i europskih poslova Republike Hrvatske&nbsp;Gordan Grli\u0107 Radman&nbsp;pro\u0161irenje je povezao sa sigurno\u0161\u0107u, mirom i strate\u0161kim interesima Europske unije:<\/p>\n\n\n\n<p class=\"wp-block-paragraph\">&#8211; Pro\u0161irenje je jedan od najsna\u017enijih, a istodobno najjeftinijih instrumenata vanjske politike Europske unije. To je jedna od najboljih investicija u mir &#8211; rekao je.<\/p>\n\n\n\n<p class=\"wp-block-paragraph\">Hrvatska pritom nastavlja zagovarati europsku perspektivu Bosne i Hercegovine i dr\u017eava Zapadnog Balkana, uz provedbu potrebnih reformi i ispunjavanje kriterija za \u010dlanstvo.<\/p>\n\n\n\n<p class=\"wp-block-paragraph\">Europska povjerenica za Mediteran&nbsp;Dubravka \u0160uica&nbsp;tako\u0111er je naglasila strate\u0161ku dimenziju aktualne politike pro\u0161irenja.<\/p>\n\n\n\n<p class=\"wp-block-paragraph\">&#8211; Pro\u0161irenje je geopoliti\u010dka nu\u017enost. Ono je i na\u0161a strate\u0161ka nu\u017enost &#8211; istaknula je.<\/p>\n\n\n\n<p class=\"wp-block-paragraph\">\u0160uica je pritom istaknula da geopoliti\u010dka va\u017enost pro\u0161irenja mora biti pra\u0107ena ispunjavanjem kriterija dr\u017eava kandidatkinja te politi\u010dkim odlukama dr\u017eava \u010dlanica Europske unije.<\/p>\n\n\n\n<p class=\"wp-block-paragraph\">Potpredsjednik Vlade i ministar vanjskih poslova Crne Gore&nbsp;Ervin Ibrahimovi\u0107&nbsp;predstavio je iskustvo Crne Gore, koja se nalazi u najnaprednijoj fazi pristupnih pregovora, s naglaskom na va\u017enost reformskih rezultata i o\u010duvanja vjerodostojnosti procesa pro\u0161irenja.<\/p>\n\n\n\n<p class=\"wp-block-paragraph\">Va\u017ean doprinos raspravi dao je i&nbsp;Adnan \u0106erimagi\u0107, vi\u0161i analiti\u010dar European Stability Initiative (ESI) i moderator panela posve\u0107enog pro\u0161irenju, koji u tekstu&nbsp;Enlargement Without Illusions, objavljenom povodom Bled Strategic Foruma, analizira vjerodostojnost politike pro\u0161irenja i potrebu da pribli\u017eavanje Europskoj uniji bude povezano s jasnom perspektivom \u010dlanstva.<\/p>\n\n\n\n<p class=\"wp-block-paragraph\">Tijekom boravka u Sloveniji Jaki\u0107 je odr\u017eala niz razgovora s europskim i regionalnim du\u017enosnicima, me\u0111u kojima su&nbsp;predsjednica Republike Slovenije Nata\u0161a Pirc Musar, europska povjerenica za pro\u0161irenje Marta Kos, europska povjerenica za Mediteran Dubravka \u0160uica, potpredsjednik Vlade i ministar vanjskih poslova Crne Gore Ervin Ibrahimovi\u0107, ministar vanjskih i europskih poslova Republike Hrvatske Gordan Grli\u0107 Radman, ministar vanjskih poslova Bosne i Hercegovine Elmedin Konakovi\u0107, ministar europskih integracija Republike Srbije Nemanja Starovi\u0107 te veleposlanik Republike Slovenije u Bosni i Hercegovini Damjan Sedar.<\/p>\n\n\n\n<p class=\"wp-block-paragraph\">U okviru razgovora predstavljeni su i klju\u010dni stavovi&nbsp;Deklaracije Paneuropske unije Bosne i Hercegovine, s naglaskom na europsku budu\u0107nost BiH, nastavak reformskog procesa i potrebu sna\u017enijeg uklju\u010divanja Bosne i Hercegovine u aktualnu raspravu o budu\u0107nosti politike pro\u0161irenja.<\/p>\n\n\n\n<p class=\"wp-block-paragraph\">Govore\u0107i o porukama Bled Strategic Foruma, Jaki\u0107 je ocijenila kako ponovno sna\u017enije pozicioniranje pro\u0161irenja na europskoj politi\u010dkoj agendi predstavlja va\u017enu priliku za Bosnu i Hercegovinu.<\/p>\n\n\n\n<p class=\"wp-block-paragraph\">&#8211; Bosna i Hercegovina treba iskoristiti novi politi\u010dki zamah politike pro\u0161irenja. Merit-based pristup va\u017ean je upravo zato \u0161to svakoj dr\u017eavi kandidatkinji omogu\u0107uje da napreduje u skladu s vlastitim rezultatima. Na nama je da provedemo potrebne reforme, a va\u017eno je da ostvareni napredak bude pra\u0107en jasnim i predvidljivim koracima prema \u010dlanstvu &#8211; kazala je Jaki\u0107.<\/p>\n\n\n\n<p class=\"wp-block-paragraph\">Naglasila je kako europske integracije trebaju biti proces koji je razumljiv i vidljiv i gra\u0111anima Bosne i Hercegovine.<\/p>\n\n\n\n<p class=\"wp-block-paragraph\">&#8211; Europski put nije samo pitanje kona\u010dnog \u010dlanstva. Njegov smisao je da reforme ve\u0107 tijekom procesa donose kvalitetnije institucije, ve\u0107u pravnu sigurnost, gospodarske mogu\u0107nosti i bolje uvjete \u017eivota gra\u0111ana. Zato je va\u017eno zadr\u017eati vjerodostojnost procesa i odgovornost svih njegovih sudionika &#8211; istaknula je Jaki\u0107.<\/p>\n\n\n\n<p class=\"wp-block-paragraph\">Poruke iz Bleda potvr\u0111uju da se pro\u0161irenje ponovno nalazi visoko na europskoj politi\u010dkoj agendi, ne samo kao pitanje odnosa prema dr\u017eavama kandidatkinjama nego i kao dio \u0161ire rasprave o sigurnosti, stabilnosti i budu\u0107nosti Europe.<\/p>\n\n\n\n<p class=\"wp-block-paragraph\">Za Bosnu i Hercegovinu takav politi\u010dki trenutak predstavlja priliku za ubrzavanje reformi i sna\u017enije pozicioniranje u procesu europskih integracija.<\/p>\n\n\n\n<p class=\"wp-block-paragraph\">Paneuropska unija Bosne i Hercegovine nastavit \u0107e kroz suradnju s europskim institucijama, dr\u017eavama \u010dlanicama i partnerima u regiji zagovarati europsku integraciju i punopravno \u010dlanstvo Bosne i Hercegovine u Europskoj uniji.<\/p>\n","protected":false},"excerpt":{"rendered":"<p>BLED &#8211; Generalna tajnica Paneuropske unije Bosne i Hercegovine\u00a0Zvonimira Jaki\u0107\u00a0boravi u Sloveniji, gdje u Kranjskoj Gori i na Bled Strategic Forumu sudjeluje u razgovorima posve\u0107enima budu\u0107nosti europskog pro\u0161irenja, polo\u017eaju Bosne i Hercegovine i dr\u017eava Zapadnog Balkana te novim modelima pribli\u017eavanja dr\u017eava kandidatkinja Europskoj uniji, saop\u0107eno je iz Paneuropske unije. Jaki\u0107 u Sloveniji boravi s&nbsp;delegacijom 13 [&hellip;]<\/p>\n","protected":false},"author":3,"featured_media":4689,"comment_status":"closed","ping_status":"closed","sticky":false,"template":"","format":"standard","meta":{"footnotes":""},"categories":[3],"tags":[314],"class_list":["post-4688","post","type-post","status-publish","format-standard","has-post-thumbnail","hentry","category-bih","tag-panevropska-unija-bih"],"_links":{"self":[{"href":"https:\/\/eu.fena.ba\/index.php?rest_route=\/wp\/v2\/posts\/4688","targetHints":{"allow":["GET"]}}],"collection":[{"href":"https:\/\/eu.fena.ba\/index.php?rest_route=\/wp\/v2\/posts"}],"about":[{"href":"https:\/\/eu.fena.ba\/index.php?rest_route=\/wp\/v2\/types\/post"}],"author":[{"embeddable":true,"href":"https:\/\/eu.fena.ba\/index.php?rest_route=\/wp\/v2\/users\/3"}],"replies":[{"embeddable":true,"href":"https:\/\/eu.fena.ba\/index.php?rest_route=%2Fwp%2Fv2%2Fcomments&post=4688"}],"version-history":[{"count":1,"href":"https:\/\/eu.fena.ba\/index.php?rest_route=\/wp\/v2\/posts\/4688\/revisions"}],"predecessor-version":[{"id":4690,"href":"https:\/\/eu.fena.ba\/index.php?rest_route=\/wp\/v2\/posts\/4688\/revisions\/4690"}],"wp:featuredmedia":[{"embeddable":true,"href":"https:\/\/eu.fena.ba\/index.php?rest_route=\/wp\/v2\/media\/4689"}],"wp:attachment":[{"href":"https:\/\/eu.fena.ba\/index.php?rest_route=%2Fwp%2Fv2%2Fmedia&parent=4688"}],"wp:term":[{"taxonomy":"category","embeddable":true,"href":"https:\/\/eu.fena.ba\/index.php?rest_route=%2Fwp%2Fv2%2Fcategories&post=4688"},{"taxonomy":"post_tag","embeddable":true,"href":"https:\/\/eu.fena.ba\/index.php?rest_route=%2Fwp%2Fv2%2Ftags&post=4688"}],"curies":[{"name":"wp","href":"https:\/\/api.w.org\/{rel}","templated":true}]}}