{"id":4681,"date":"2026-09-01T08:45:55","date_gmt":"2026-09-01T06:45:55","guid":{"rendered":"https:\/\/eu.fena.ba\/?p=4681"},"modified":"2026-09-01T08:45:56","modified_gmt":"2026-09-01T06:45:56","slug":"mladi-livnjak-nakon-njemacke-izabrao-poljoprivredu-i-ostanak-u-livnu","status":"publish","type":"post","link":"https:\/\/eu.fena.ba\/?p=4681","title":{"rendered":"Mladi Livnjak nakon Njema\u010dke izabrao poljoprivredu i ostanak u Livnu"},"content":{"rendered":"\n<p class=\"wp-block-paragraph\">LIVNO &#8211; Nakon tri godine provedene na radu u Njema\u010dkoj Bo\u017eo Doli\u0107 odlu\u010dio se vratiti u Livno i zajedno s ocem po\u010deo se baviti poljoprivredom.<\/p>\n\n\n\n<p class=\"wp-block-paragraph\">&#8211; Tri godine proveo sam u Njema\u010dkoj. Vidio sam kako izgleda \u017eivot tamo i odlu\u010dio se vratiti te nastaviti posao kojim se bavila moja obitelj. Gdje god da \u017eivi\u0161, mora\u0161 raditi, ali ovdje ipak ima\u0161 vi\u0161e vremena za \u017eivot &#8211; ka\u017ee Doli\u0107 u razgovoru za Fenu.<\/p>\n\n\n\n<p class=\"wp-block-paragraph\">Ovaj 26-godi\u0161njak prije \u010detiri godine krenuo je s dvadesetak hektara, a proizvodnju je iz godine u godinu \u0161irio do dana\u0161njih 230 hektara nasada.<\/p>\n\n\n\n<p class=\"wp-block-paragraph\">Najve\u0107i dio povr\u0161ina zauzima sila\u017eni kukuruz, uzgaja i soju, dok dio zemlji\u0161ta koristi za ko\u0161nju, proizvodnju sijena i rolo-bala.<\/p>\n\n\n\n<p class=\"wp-block-paragraph\">Ve\u0107inu posla obavljaju on i otac, dok im u vrijeme intenzivnijih sezonskih radova poma\u017ee jo\u0161 nekoliko ljudi. Ulaganjem u ve\u0107u i suvremeniju mehanizaciju nastoje posao u\u010diniti u\u010dinkovitijim i smanjiti potrebu za dodatnom radnom snagom.<\/p>\n\n\n\n<p class=\"wp-block-paragraph\">Doli\u0107 ka\u017ee kako se u poslu dobro nadopunjuju. Otac donosi dugogodi\u0161nje iskustvo u mehanici i radu na zemlji, dok se on lak\u0161e snalazi s novim tehnologijama koje sve vi\u0161e ulaze u svakodnevnu poljoprivrednu proizvodnju.<\/p>\n\n\n\n<p class=\"wp-block-paragraph\">&#8211; \u0160to se ti\u010de mehanike i rada u polju, puno sam nau\u010dio od oca. S druge strane, danas ima puno nove tehnologije i tu se ja lak\u0161e snalazim &#8211; navodi Doli\u0107.<br><br>Isti\u010de kako je poljoprivreda posao u kojem se \u010dovjek stalno mora prilago\u0111avati i u\u010diti bez obzira na godine iskustva.<\/p>\n\n\n\n<p class=\"wp-block-paragraph\">&#8211; Svake godine nau\u010di\u0161 ne\u0161to novo, bilo da je rije\u010d o sjetvi, za\u0161titi biljaka, uvjetima sijanja ili pripremi tla. To je izazovan posao &#8211; ka\u017ee Doli\u0107.<\/p>\n\n\n\n<p class=\"wp-block-paragraph\">Dodatni izazov ove godine donijela je su\u0161a, koja je ostavila posljedice i na njihovim povr\u0161inama. Doli\u0107 procjenjuje kako bi urod mogao biti oko 20 posto manji u odnosu na pro\u0161lu godinu, iako se usjevi zasad relativno dobro dr\u017ee.<\/p>\n\n\n\n<p class=\"wp-block-paragraph\">&#8211; Puno ula\u017eemo u tlo, koristimo kvalitetna gnojiva i redovito radimo analize zemlje. Kukuruz je sada u fazi opra\u0161ivanja i mogu\u0107e je da \u0107e zrno biti ne\u0161to sitnije nego pro\u0161le godine, ali za sada je stanje zadovoljavaju\u0107e &#8211; ka\u017ee Doli\u0107.<\/p>\n\n\n\n<p class=\"wp-block-paragraph\">U proizvodnji se, dodaje, nastoje osloniti na stru\u010dne preporuke, ali i na iskustvo koje stje\u010du iz sezone u sezonu.<\/p>\n\n\n\n<p class=\"wp-block-paragraph\">&#8211; Struka je na prvom mjestu, ali puno toga dolazi i iz prakse. Ne\u0161to poku\u0161ate pa vidite \u0161to se pokazalo dobrim. Radimo analizu tla i zemlji dajemo ono \u0161to joj je potrebno, ne radimo napamet &#8211; govori Doli\u0107.<\/p>\n\n\n\n<p class=\"wp-block-paragraph\">Oko 90 posto njihove proizvodnje \u010dini sila\u017eni kukuruz, a uz njega uzgajaju i soju. Sve \u0161to proizvedu plasiraju na tr\u017ei\u0161te Bosne i Hercegovine.<\/p>\n\n\n\n<p class=\"wp-block-paragraph\">Jedan od ve\u0107ih kupaca je farma Marena u Posu\u0161ju, kojoj godi\u0161nje isporu\u010duju nekoliko tisu\u0107a tona sila\u017enog kukuruza, a sura\u0111uju i s drugim farmama. Doli\u0107 ka\u017ee kako zasad nemaju problema s plasmanom te da bi mogli prodati i ve\u0107e koli\u010dine kada bi ih mogli proizvesti.<\/p>\n\n\n\n<p class=\"wp-block-paragraph\">&#8211; Najte\u017ee je dok se ne probijete na tr\u017ei\u0161te. Kada imate kvalitetu i ljudi prepoznaju da je proizvod dobar, onda vas sami tra\u017ee. Mi prakti\u010dki sve \u0161to proizvedemo prodamo. Najvi\u0161e radimo na kvaliteti i na tome da kupci budu zadovoljni &#8211; isti\u010de Doli\u0107.<\/p>\n\n\n\n<p class=\"wp-block-paragraph\">U \u0161irenju proizvodnje poma\u017eu im i potpore za poljoprivredu. Doli\u0107 je ove godine, kao mladi poljoprivrednik, ostvario potporu Grada Livna koju je iskoristio za nabavu pneumatske sija\u010dice za kukuruz, a koristi i federalne te \u017eupanijske programe potpore za novu mehanizaciju.<\/p>\n\n\n\n<p class=\"wp-block-paragraph\">Takve programe smatra va\u017enima, ali nagla\u0161ava kako potpore same po sebi nisu dovoljne bez vlastitih ulaganja i rada.<\/p>\n\n\n\n<p class=\"wp-block-paragraph\">Ni sada\u0161njih 230 hektara ne vidi kao kona\u010dnu granicu. Cilj mu je ratarsku proizvodnju pove\u0107ati na pribli\u017eno 300 hektara, a nakon toga razmi\u0161lja i o pokretanju tova bikova.<\/p>\n\n\n\n<p class=\"wp-block-paragraph\">Proizvodnja mlijeka zasad ga manje privla\u010di zbog nestabilnih cijena i visokih tro\u0161kova.<\/p>\n\n\n\n<p class=\"wp-block-paragraph\">Nakon iskustva \u017eivota i rada u Njema\u010dkoj, Doli\u0107 vjeruje kako mladi koji su spremni ozbiljno raditi i ulagati svoju budu\u0107nost mogu graditi i u Livnu.<\/p>\n\n\n\n<p class=\"wp-block-paragraph\">&#8211; Tko se \u017eeli truditi, mo\u017ee uspjeti i ovdje. Mo\u017ee se jako lijepo \u017eivjeti od poljoprivrede, ako se \u010dovjek tome posveti i ozbiljno radi &#8211; poru\u010duje Doli\u0107.<\/p>\n","protected":false},"excerpt":{"rendered":"<p>LIVNO &#8211; Nakon tri godine provedene na radu u Njema\u010dkoj Bo\u017eo Doli\u0107 odlu\u010dio se vratiti u Livno i zajedno s ocem po\u010deo se baviti poljoprivredom. &#8211; Tri godine proveo sam u Njema\u010dkoj. Vidio sam kako izgleda \u017eivot tamo i odlu\u010dio se vratiti te nastaviti posao kojim se bavila moja obitelj. Gdje god da \u017eivi\u0161, mora\u0161 [&hellip;]<\/p>\n","protected":false},"author":3,"featured_media":4682,"comment_status":"closed","ping_status":"closed","sticky":false,"template":"","format":"standard","meta":{"footnotes":""},"categories":[14],"tags":[1049,218],"class_list":["post-4681","post","type-post","status-publish","format-standard","has-post-thumbnail","hentry","category-europrice","tag-bozo-dolic","tag-livno"],"_links":{"self":[{"href":"https:\/\/eu.fena.ba\/index.php?rest_route=\/wp\/v2\/posts\/4681","targetHints":{"allow":["GET"]}}],"collection":[{"href":"https:\/\/eu.fena.ba\/index.php?rest_route=\/wp\/v2\/posts"}],"about":[{"href":"https:\/\/eu.fena.ba\/index.php?rest_route=\/wp\/v2\/types\/post"}],"author":[{"embeddable":true,"href":"https:\/\/eu.fena.ba\/index.php?rest_route=\/wp\/v2\/users\/3"}],"replies":[{"embeddable":true,"href":"https:\/\/eu.fena.ba\/index.php?rest_route=%2Fwp%2Fv2%2Fcomments&post=4681"}],"version-history":[{"count":1,"href":"https:\/\/eu.fena.ba\/index.php?rest_route=\/wp\/v2\/posts\/4681\/revisions"}],"predecessor-version":[{"id":4684,"href":"https:\/\/eu.fena.ba\/index.php?rest_route=\/wp\/v2\/posts\/4681\/revisions\/4684"}],"wp:featuredmedia":[{"embeddable":true,"href":"https:\/\/eu.fena.ba\/index.php?rest_route=\/wp\/v2\/media\/4682"}],"wp:attachment":[{"href":"https:\/\/eu.fena.ba\/index.php?rest_route=%2Fwp%2Fv2%2Fmedia&parent=4681"}],"wp:term":[{"taxonomy":"category","embeddable":true,"href":"https:\/\/eu.fena.ba\/index.php?rest_route=%2Fwp%2Fv2%2Fcategories&post=4681"},{"taxonomy":"post_tag","embeddable":true,"href":"https:\/\/eu.fena.ba\/index.php?rest_route=%2Fwp%2Fv2%2Ftags&post=4681"}],"curies":[{"name":"wp","href":"https:\/\/api.w.org\/{rel}","templated":true}]}}