{"id":4676,"date":"2026-09-01T07:51:21","date_gmt":"2026-09-01T05:51:21","guid":{"rendered":"https:\/\/eu.fena.ba\/?p=4676"},"modified":"2026-09-01T07:51:22","modified_gmt":"2026-09-01T05:51:22","slug":"ceska-europarlamentarka-i-babisova-saveznica-proglasena-krivom-za-prevaru-subvencijama-eu","status":"publish","type":"post","link":"https:\/\/eu.fena.ba\/?p=4676","title":{"rendered":"\u010ce\u0161ka europarlamentarka i Babi\u0161ova saveznica progla\u0161ena krivom za prevaru subvencijama EU"},"content":{"rendered":"\n<p class=\"wp-block-paragraph\">PRAG &#8211; Evropska zastupnica Jana Nagyov\u00e1 progla\u0161ena je krivom za prevaru subvencijama EU u slu\u010daju od dva miliona eura vezanom za Agrofert, poljoprivredni konglomerat povezan s \u010de\u0161kim premijerom Andrejom Babi\u0161em, potvrdio je Visoki sud u Pragu u ponedjeljak u presudi po \u017ealbi.<\/p>\n\n\n\n<p class=\"wp-block-paragraph\">Sud je osudio Nagyov\u00fa, zastupnicu u Evropskom parlamentu iz pokreta Patriote za Evropu i biv\u0161u Babi\u0161ovu savjetnicu, na uslovnu kaznu zatvora od tri godine, s probnim rokom od pet godina, i nov\u010danu kaznu od oko 20.000 eura za prevaru subvencijama i o\u0161te\u0107enje finansijskih interesa EU. Odluka je potvrdila presudu ni\u017eeg suda iz maja.<\/p>\n\n\n\n<p class=\"wp-block-paragraph\">Nagyov\u00e1 je vi\u0161e puta negirala optu\u017ebe protiv sebe i \u017ealit \u0107e se Vrhovnom sudu \u010ce\u0161ke, rekao je njen advokat. Evropski parlament joj je u aprilu oduzeo imunitet.<\/p>\n\n\n\n<p class=\"wp-block-paragraph\">Presuda zaklju\u010duje jo\u0161 jedno poglavlje u dugotrajnom slu\u010daju koji istra\u017euju \u010de\u0161ke vlasti i Evropski ured za borbu protiv prevara (OLAF). Tu\u017eioci su optu\u017eili Nagyovu da je pomogla u shemi izdvajanja \u010cap\u00ed Hn\u00edzdo (Rodino gnijezdo), rekreacijskog centra u centralnoj \u010ce\u0161koj, iz konglomerata Agrofert. Cilj je bio predstaviti ga kao nezavisno preduze\u0107e, kako bi se kvalifikovao za uslove EU za dodjelu bespovratnih sredstava za mala i srednja preduze\u0107a. Kasnije je Agrofert ponovo preuzeo vlasni\u0161tvo nad lokacijom.<\/p>\n\n\n\n<p class=\"wp-block-paragraph\">Sudski slu\u010daj je prvobitno uklju\u010divao i Nagyovu i Babi\u0161a. Me\u0111utim, Op\u0161tinski sud u Pragu ga je razdvojio nakon \u0161to je \u010de\u0161ki parlament u martu odbio da ukine parlamentarni imunitet premijera. Postupak protiv Babi\u0161a ostat \u0107e obustavljen dok traje njegov mandat. On je negirao bilo kakve prekr\u0161aje.<\/p>\n\n\n\n<p class=\"wp-block-paragraph\">Babi\u0161 je stavio Agrofert u trust fond kada se vratio na mjesto premijera u decembru i ka\u017ee da vi\u0161e nije povezan sa konglomeratom koji je osnovao. Ali kriti\u010dari ka\u017eu da nova struktura malo \u010dini na rje\u0161avanju zabrinutosti oko sukoba interesa.<\/p>\n","protected":false},"excerpt":{"rendered":"<p>PRAG &#8211; Evropska zastupnica Jana Nagyov\u00e1 progla\u0161ena je krivom za prevaru subvencijama EU u slu\u010daju od dva miliona eura vezanom za Agrofert, poljoprivredni konglomerat povezan s \u010de\u0161kim premijerom Andrejom Babi\u0161em, potvrdio je Visoki sud u Pragu u ponedjeljak u presudi po \u017ealbi. Sud je osudio Nagyov\u00fa, zastupnicu u Evropskom parlamentu iz pokreta Patriote za Evropu [&hellip;]<\/p>\n","protected":false},"author":3,"featured_media":4677,"comment_status":"closed","ping_status":"closed","sticky":false,"template":"","format":"standard","meta":{"footnotes":""},"categories":[2],"tags":[23,1048],"class_list":["post-4676","post","type-post","status-publish","format-standard","has-post-thumbnail","hentry","category-eu-institucije","tag-ceska","tag-prevare-subvencijama"],"_links":{"self":[{"href":"https:\/\/eu.fena.ba\/index.php?rest_route=\/wp\/v2\/posts\/4676","targetHints":{"allow":["GET"]}}],"collection":[{"href":"https:\/\/eu.fena.ba\/index.php?rest_route=\/wp\/v2\/posts"}],"about":[{"href":"https:\/\/eu.fena.ba\/index.php?rest_route=\/wp\/v2\/types\/post"}],"author":[{"embeddable":true,"href":"https:\/\/eu.fena.ba\/index.php?rest_route=\/wp\/v2\/users\/3"}],"replies":[{"embeddable":true,"href":"https:\/\/eu.fena.ba\/index.php?rest_route=%2Fwp%2Fv2%2Fcomments&post=4676"}],"version-history":[{"count":1,"href":"https:\/\/eu.fena.ba\/index.php?rest_route=\/wp\/v2\/posts\/4676\/revisions"}],"predecessor-version":[{"id":4678,"href":"https:\/\/eu.fena.ba\/index.php?rest_route=\/wp\/v2\/posts\/4676\/revisions\/4678"}],"wp:featuredmedia":[{"embeddable":true,"href":"https:\/\/eu.fena.ba\/index.php?rest_route=\/wp\/v2\/media\/4677"}],"wp:attachment":[{"href":"https:\/\/eu.fena.ba\/index.php?rest_route=%2Fwp%2Fv2%2Fmedia&parent=4676"}],"wp:term":[{"taxonomy":"category","embeddable":true,"href":"https:\/\/eu.fena.ba\/index.php?rest_route=%2Fwp%2Fv2%2Fcategories&post=4676"},{"taxonomy":"post_tag","embeddable":true,"href":"https:\/\/eu.fena.ba\/index.php?rest_route=%2Fwp%2Fv2%2Ftags&post=4676"}],"curies":[{"name":"wp","href":"https:\/\/api.w.org\/{rel}","templated":true}]}}