{"id":4673,"date":"2026-08-31T11:21:46","date_gmt":"2026-08-31T09:21:46","guid":{"rendered":"https:\/\/eu.fena.ba\/?p=4673"},"modified":"2026-08-31T11:21:47","modified_gmt":"2026-08-31T09:21:47","slug":"misija-osce-a-u-bih-postovati-zrtve-ne-velicati-ratne-zlocince","status":"publish","type":"post","link":"https:\/\/eu.fena.ba\/?p=4673","title":{"rendered":"Misija OSCE-a u BiH: Po\u0161tovati \u017ertve, ne veli\u010dati ratne zlo\u010dince"},"content":{"rendered":"\n<p class=\"wp-block-paragraph\">SARAJEVO &#8211; Misija OSCE-a u Bosni i Hercegovini podsje\u0107a da je veli\u010danje pravosna\u017eno osu\u0111enih ratnih zlo\u010dinaca krivi\u010dno djelo, da duboko vrije\u0111a \u017ertve i pre\u017eivjele, podriva pomirenje i nosi rizik od daljih podjela u dru\u0161tvu.<\/p>\n\n\n\n<p class=\"wp-block-paragraph\">Politi\u010dki i javni zvani\u010dnici, kako se isti\u010de u saop\u0107enju OSCE-a, imaju posebnu odgovornost da po\u0161tuju \u010dinjenice utvr\u0111ene u vi\u0161e od 800 pravosna\u017enih presuda me\u0111unarodnih i doma\u0107ih sudova koje se odnose na ratne zlo\u010dine, zlo\u010dine protiv \u010dovje\u010dnosti i genocid po\u010dinjene tokom rata od 1992. do 1995. godine, kao i na individualnu krivi\u010dnu odgovornost osu\u0111enih osoba, te da doprinose me\u0111usobnom po\u0161tovanju, dostojanstvu i dru\u0161tvenoj koheziji.<\/p>\n\n\n\n<p class=\"wp-block-paragraph\">Misija OSCE poziva policijske agencije i tu\u017eila\u0161tva u Bosni i Hercegovini da ispune svoju obavezu o\u010duvanja vladavine prava tako \u0161to \u0107e dokumentovati, prijavljivati i istra\u017eivati takva djela, bez obzira na identitet ili pripadnost navodnog po\u010dinioca.<\/p>\n\n\n\n<p class=\"wp-block-paragraph\">Istovremeno, Misija OSCE-a poziva medije, a posebno javne radiotelevizijske servise, da o ovim pitanjima izvje\u0161tavaju profesionalno, ta\u010dno i odgovorno, oslanjaju\u0107i se na sudski utvr\u0111ene \u010dinjenice, bez senzacionalizma ili davanja dodatnog prostora narativima koji mogu doprinijeti veli\u010danju pravosna\u017eno osu\u0111enih ratnih zlo\u010dinaca, raspirivanju tenzija ili \u0161irenju dezinformacija.<\/p>\n\n\n\n<p class=\"wp-block-paragraph\">&#8211; Isti principi moraju se primjenjivati i na sportskim doga\u0111ajima. Stadioni i druga sportske arene ne smiju postati platforme za \u0161irenje mr\u017enje i podjela, ve\u0107 trebaju biti mjesta sportskog duha i me\u0111usobnog po\u0161tovanja. Sportski savezi, klubovi i nadle\u017ene institucije imaju odgovornost da sprije\u010de i primjereno reaguju na neprimjerena skandiranja, transparente, simbole i druge oblike javnog isticanja takvih sadr\u017eaja, te da promoviraju okru\u017eenje zasnovano na po\u0161tovanju i uklju\u010divosti &#8211; upozorili su iz OSCE-a.<\/p>\n\n\n\n<p class=\"wp-block-paragraph\">Misija poziva sve gra\u0111ane da postupaju odgovorno i uz po\u0161tovanje dostojanstva drugih. Svi gra\u0111ani Bosne i Hercegovine moraju imati jednako pravo na \u017eivot bez straha od nasilja, zastra\u0161ivanja i mr\u017enje. Po\u0161tovanje sudski utvr\u0111enih \u010dinjenica i dostojanstva \u017ertava, poru\u010duju iz OSCE-a, od su\u0161tinskog je zna\u010daja za izgradnju povjerenja, pomirenje i mirnu budu\u0107nost.<\/p>\n","protected":false},"excerpt":{"rendered":"<p>SARAJEVO &#8211; Misija OSCE-a u Bosni i Hercegovini podsje\u0107a da je veli\u010danje pravosna\u017eno osu\u0111enih ratnih zlo\u010dinaca krivi\u010dno djelo, da duboko vrije\u0111a \u017ertve i pre\u017eivjele, podriva pomirenje i nosi rizik od daljih podjela u dru\u0161tvu. Politi\u010dki i javni zvani\u010dnici, kako se isti\u010de u saop\u0107enju OSCE-a, imaju posebnu odgovornost da po\u0161tuju \u010dinjenice utvr\u0111ene u vi\u0161e od 800 [&hellip;]<\/p>\n","protected":false},"author":6,"featured_media":4674,"comment_status":"closed","ping_status":"closed","sticky":false,"template":"","format":"standard","meta":{"footnotes":""},"categories":[3],"tags":[52,1047],"class_list":["post-4673","post","type-post","status-publish","format-standard","has-post-thumbnail","hentry","category-bih","tag-bih","tag-oess"],"_links":{"self":[{"href":"https:\/\/eu.fena.ba\/index.php?rest_route=\/wp\/v2\/posts\/4673","targetHints":{"allow":["GET"]}}],"collection":[{"href":"https:\/\/eu.fena.ba\/index.php?rest_route=\/wp\/v2\/posts"}],"about":[{"href":"https:\/\/eu.fena.ba\/index.php?rest_route=\/wp\/v2\/types\/post"}],"author":[{"embeddable":true,"href":"https:\/\/eu.fena.ba\/index.php?rest_route=\/wp\/v2\/users\/6"}],"replies":[{"embeddable":true,"href":"https:\/\/eu.fena.ba\/index.php?rest_route=%2Fwp%2Fv2%2Fcomments&post=4673"}],"version-history":[{"count":1,"href":"https:\/\/eu.fena.ba\/index.php?rest_route=\/wp\/v2\/posts\/4673\/revisions"}],"predecessor-version":[{"id":4675,"href":"https:\/\/eu.fena.ba\/index.php?rest_route=\/wp\/v2\/posts\/4673\/revisions\/4675"}],"wp:featuredmedia":[{"embeddable":true,"href":"https:\/\/eu.fena.ba\/index.php?rest_route=\/wp\/v2\/media\/4674"}],"wp:attachment":[{"href":"https:\/\/eu.fena.ba\/index.php?rest_route=%2Fwp%2Fv2%2Fmedia&parent=4673"}],"wp:term":[{"taxonomy":"category","embeddable":true,"href":"https:\/\/eu.fena.ba\/index.php?rest_route=%2Fwp%2Fv2%2Fcategories&post=4673"},{"taxonomy":"post_tag","embeddable":true,"href":"https:\/\/eu.fena.ba\/index.php?rest_route=%2Fwp%2Fv2%2Ftags&post=4673"}],"curies":[{"name":"wp","href":"https:\/\/api.w.org\/{rel}","templated":true}]}}