{"id":3690,"date":"2026-04-29T20:06:43","date_gmt":"2026-04-29T18:06:43","guid":{"rendered":"https:\/\/eu.fena.ba\/?p=3690"},"modified":"2026-04-29T20:06:44","modified_gmt":"2026-04-29T18:06:44","slug":"magyar-kaze-da-je-imao-uspjesne-razgovore-o-fondovima-s-von-der-leyen","status":"publish","type":"post","link":"https:\/\/eu.fena.ba\/?p=3690","title":{"rendered":"Magyar ka\u017ee da je imao &#8216;uspje\u0161ne&#8217; razgovore o fondovima s Von der Leyen"},"content":{"rendered":"\n<p>STRASBOURG &#8211; Pobjednik izbora u Ma\u0111arskoj Peter Magyar izjavio je da je u srijedu imao &#8220;izuzetno konstruktivne i uspje\u0161ne&#8221; razgovore s predsjednicom Evropske komisije Ursulom von der Leyen o zamrznutim sredstvima EU za koja je rekao da \u0107e uskoro sti\u0107i u Ma\u0111arsku.<\/p>\n\n\n\n<p>Komisija je blokirala pristup sredstvima jer je presudila da je odlaze\u0107a vlada Viktora Orbana prekr\u0161ila standarde EU o vladavini prava.<\/p>\n\n\n\n<p>Dio zamrznutih sredstava, poput 11 milijardi eura (13 milijardi dolara) iz Fonda za oporavak nakon pandemije, mora se povu\u0107i do sredine augusta ili \u0107e biti nepovratno izgubljen.<\/p>\n\n\n\n<p>Magyar je nakon sastanka s von der Leyen napisao na Facebooku da \u0107e se vratiti u Brisel tokom sedmice 25. maja kako bi zaklju\u010dio politi\u010dki sporazum o zamrznutim sredstvima.<\/p>\n\n\n\n<p>&#8211;&nbsp;Evropska unija ne name\u0107e uslove koji bi bili suprotni interesima na\u0161e zemlje &#8211; napisao je Magyar.<\/p>\n\n\n\n<p>Nakon sastanka, von der Leyen je rekla da je imala \u201evrlo dobru razmjenu mi\u0161ljenja\u201c s Magyarom.<\/p>\n\n\n\n<p>&#8211;&nbsp;Razgovarali smo o koracima potrebnim za otklju\u010davanje sredstava EU namijenjenih Ma\u0111arskoj, koja su zamrznuta zbog korupcije i zabrinutosti u vezi s vladavinom prava &#8211; napisala je Von der Leyen na X-u.<\/p>\n\n\n\n<p>Zvani\u010dnici obje strane ve\u0107 su se sastali dva puta od uvjerljive izborne pobjede Magyarove stranke Tisza 12. aprila, koja mu je dala dvotre\u0107insku ve\u0107inu u parlamentu, \u0161to zna\u010di da je u mogu\u0107nosti promijeniti ustav.<\/p>\n","protected":false},"excerpt":{"rendered":"<p>STRASBOURG &#8211; Pobjednik izbora u Ma\u0111arskoj Peter Magyar izjavio je da je u srijedu imao &#8220;izuzetno konstruktivne i uspje\u0161ne&#8221; razgovore s predsjednicom Evropske komisije Ursulom von der Leyen o zamrznutim sredstvima EU za koja je rekao da \u0107e uskoro sti\u0107i u Ma\u0111arsku. Komisija je blokirala pristup sredstvima jer je presudila da je odlaze\u0107a vlada Viktora [&hellip;]<\/p>\n","protected":false},"author":3,"featured_media":3691,"comment_status":"closed","ping_status":"closed","sticky":false,"template":"","format":"standard","meta":{"footnotes":""},"categories":[2],"tags":[899,134],"class_list":["post-3690","post","type-post","status-publish","format-standard","has-post-thumbnail","hentry","category-eu-institucije","tag-peter-magyar","tag-ursula-von-der-leyen"],"_links":{"self":[{"href":"https:\/\/eu.fena.ba\/index.php?rest_route=\/wp\/v2\/posts\/3690","targetHints":{"allow":["GET"]}}],"collection":[{"href":"https:\/\/eu.fena.ba\/index.php?rest_route=\/wp\/v2\/posts"}],"about":[{"href":"https:\/\/eu.fena.ba\/index.php?rest_route=\/wp\/v2\/types\/post"}],"author":[{"embeddable":true,"href":"https:\/\/eu.fena.ba\/index.php?rest_route=\/wp\/v2\/users\/3"}],"replies":[{"embeddable":true,"href":"https:\/\/eu.fena.ba\/index.php?rest_route=%2Fwp%2Fv2%2Fcomments&post=3690"}],"version-history":[{"count":1,"href":"https:\/\/eu.fena.ba\/index.php?rest_route=\/wp\/v2\/posts\/3690\/revisions"}],"predecessor-version":[{"id":3692,"href":"https:\/\/eu.fena.ba\/index.php?rest_route=\/wp\/v2\/posts\/3690\/revisions\/3692"}],"wp:featuredmedia":[{"embeddable":true,"href":"https:\/\/eu.fena.ba\/index.php?rest_route=\/wp\/v2\/media\/3691"}],"wp:attachment":[{"href":"https:\/\/eu.fena.ba\/index.php?rest_route=%2Fwp%2Fv2%2Fmedia&parent=3690"}],"wp:term":[{"taxonomy":"category","embeddable":true,"href":"https:\/\/eu.fena.ba\/index.php?rest_route=%2Fwp%2Fv2%2Fcategories&post=3690"},{"taxonomy":"post_tag","embeddable":true,"href":"https:\/\/eu.fena.ba\/index.php?rest_route=%2Fwp%2Fv2%2Ftags&post=3690"}],"curies":[{"name":"wp","href":"https:\/\/api.w.org\/{rel}","templated":true}]}}