{"id":3686,"date":"2026-04-29T14:26:13","date_gmt":"2026-04-29T12:26:13","guid":{"rendered":"https:\/\/eu.fena.ba\/?p=3686"},"modified":"2026-04-29T14:26:13","modified_gmt":"2026-04-29T12:26:13","slug":"odobreno-pravo-delegiranog-glasanja-za-zastupnice-ep-tokom-trudnoce-i-nakon-poroda","status":"publish","type":"post","link":"https:\/\/eu.fena.ba\/?p=3686","title":{"rendered":"Odobreno pravo delegiranog glasanja za zastupnice EP tokom trudno\u0107e i nakon poroda"},"content":{"rendered":"\n<p>BRUXELLES &#8211;\u00a0Evropski parlament usvojio je izmjene Izbornog akta Evropske unije koje omogu\u0107avaju zastupnicama da delegiraju pravo glasa prije i nakon poroda.<\/p>\n\n\n\n<p>Reforma, pokrenuta u novembru 2025. i potvr\u0111ena u plenumu sa 616 glasova za, 24 protiv i osam suzdr\u017eanih, uvodi privremeni izuzetak od pravila o li\u010dnom glasanju.<\/p>\n\n\n\n<p>Zastupnice \u0107e mo\u0107i prenijeti svoj glas na povjerenog kolegu do tri mjeseca prije poro\u0111aja i \u0161est mjeseci nakon ro\u0111enja djeteta.<\/p>\n\n\n\n<p>Cilj je ja\u010danje rodne ravnopravnosti, demokratske reprezentacije i ravnote\u017ee izme\u0111u privatnog i profesionalnog \u017eivota.<\/p>\n\n\n\n<p>&#8211; Nijedna \u010dlanica ne smije izgubiti pravo glasa zato \u0161to postaje majka. Ovo je va\u017ean korak ka modernijem i pravednijem Parlamentu &#8211; izjavila je predsjednica Parlamenta Roberta Metsola, inicijatorica reforme.<\/p>\n\n\n\n<p>Izvjestilac Juan Fernando L\u00f3pez Aguilar dodao je da je rije\u010d o prakti\u010dnoj, pa\u017eljivo definiranoj promjeni koja \u0161titi li\u010dnu prirodu mandata, a istovremeno osigurava da maj\u010dinstvo ne zna\u010di izbor izme\u0111u glasa i djeteta.<\/p>\n\n\n\n<p>Sljede\u0107i korak je formalno usvajanje u Vije\u0107u i ratifikacija u svim dr\u017eavama \u010dlanicama, u skladu s njihovim ustavnim procedurama.<\/p>\n","protected":false},"excerpt":{"rendered":"<p>BRUXELLES &#8211;\u00a0Evropski parlament usvojio je izmjene Izbornog akta Evropske unije koje omogu\u0107avaju zastupnicama da delegiraju pravo glasa prije i nakon poroda. Reforma, pokrenuta u novembru 2025. i potvr\u0111ena u plenumu sa 616 glasova za, 24 protiv i osam suzdr\u017eanih, uvodi privremeni izuzetak od pravila o li\u010dnom glasanju. Zastupnice \u0107e mo\u0107i prenijeti svoj glas na povjerenog [&hellip;]<\/p>\n","protected":false},"author":3,"featured_media":3687,"comment_status":"closed","ping_status":"closed","sticky":false,"template":"","format":"standard","meta":{"footnotes":""},"categories":[2],"tags":[132],"class_list":["post-3686","post","type-post","status-publish","format-standard","has-post-thumbnail","hentry","category-eu-institucije","tag-ep"],"_links":{"self":[{"href":"https:\/\/eu.fena.ba\/index.php?rest_route=\/wp\/v2\/posts\/3686","targetHints":{"allow":["GET"]}}],"collection":[{"href":"https:\/\/eu.fena.ba\/index.php?rest_route=\/wp\/v2\/posts"}],"about":[{"href":"https:\/\/eu.fena.ba\/index.php?rest_route=\/wp\/v2\/types\/post"}],"author":[{"embeddable":true,"href":"https:\/\/eu.fena.ba\/index.php?rest_route=\/wp\/v2\/users\/3"}],"replies":[{"embeddable":true,"href":"https:\/\/eu.fena.ba\/index.php?rest_route=%2Fwp%2Fv2%2Fcomments&post=3686"}],"version-history":[{"count":1,"href":"https:\/\/eu.fena.ba\/index.php?rest_route=\/wp\/v2\/posts\/3686\/revisions"}],"predecessor-version":[{"id":3688,"href":"https:\/\/eu.fena.ba\/index.php?rest_route=\/wp\/v2\/posts\/3686\/revisions\/3688"}],"wp:featuredmedia":[{"embeddable":true,"href":"https:\/\/eu.fena.ba\/index.php?rest_route=\/wp\/v2\/media\/3687"}],"wp:attachment":[{"href":"https:\/\/eu.fena.ba\/index.php?rest_route=%2Fwp%2Fv2%2Fmedia&parent=3686"}],"wp:term":[{"taxonomy":"category","embeddable":true,"href":"https:\/\/eu.fena.ba\/index.php?rest_route=%2Fwp%2Fv2%2Fcategories&post=3686"},{"taxonomy":"post_tag","embeddable":true,"href":"https:\/\/eu.fena.ba\/index.php?rest_route=%2Fwp%2Fv2%2Ftags&post=3686"}],"curies":[{"name":"wp","href":"https:\/\/api.w.org\/{rel}","templated":true}]}}