{"id":3682,"date":"2026-04-29T14:02:37","date_gmt":"2026-04-29T12:02:37","guid":{"rendered":"https:\/\/eu.fena.ba\/?p=3682"},"modified":"2026-04-29T14:02:37","modified_gmt":"2026-04-29T12:02:37","slug":"ti-bih-forum-o-reformskoj-agendi-bih-rizikuje-gubitak-373-miliona-eura","status":"publish","type":"post","link":"https:\/\/eu.fena.ba\/?p=3682","title":{"rendered":"TI BiH &#8211; Forum o Reformskoj agendi, BiH rizikuje gubitak 373 miliona eura"},"content":{"rendered":"\n<p>SARAJEVO &#8211; Transparency International u Bosni i Hercegovini (TI BiH) danas je u Sarajevu organizovao &#8220;Prvi Konsultacijski forum o provedbi Reformske agende u BiH\u201c (CONFRA BiH), s ciljem otvaranja dijaloga izme\u0111u institucija i civilnog dru\u0161tva o provedbi Reformske agende i Plana rasta za Zapadni Balkan u BiH. Taj dijalog je posebno va\u017ean jer Bosna i Hercegovina, ukoliko do kraja godine ne provede reforme koje je prihvatila kroz Reformsku agendu, rizikuje da trajno izgubi 373 miliona eura namijenjenih za reforme i investicije.<\/p>\n\n\n\n<figure class=\"wp-block-embed is-type-rich is-provider-ugradi-alat-za-upravljanje wp-block-embed-ugradi-alat-za-upravljanje wp-embed-aspect-16-9 wp-has-aspect-ratio\"><div class=\"wp-block-embed__wrapper\">\n<iframe loading=\"lazy\" title=\"TI BiH - Forum o Reformskoj agendi, BiH rizikuje gubitak 373 miliona eura\" width=\"640\" height=\"360\" src=\"https:\/\/www.youtube.com\/embed\/OEe3CM-Goro?feature=oembed\" frameborder=\"0\" allow=\"accelerometer; autoplay; clipboard-write; encrypted-media; gyroscope; picture-in-picture; web-share\" referrerpolicy=\"strict-origin-when-cross-origin\" allowfullscreen><\/iframe>\n<\/div><\/figure>\n\n\n\n<p>Reformska agenda, kako je rekao \u0161ef Delegacije EU i specijalni predstavnik EU u BiH Luigi Soreca, nije va\u017ena samo zbog gotovo milijardu eura sredstava, ve\u0107 prije svega kao okvir za dugoro\u010dnu ekonomsku transformaciju BiH.<\/p>\n\n\n\n<p>Naglasio je da BiH ima zna\u010dajne prednosti \u2013 kvalifikovano stanovni\u0161tvo, industrijsku tradiciju i povoljan geografski polo\u017eaj, koje se trenutno ne koriste dovoljno.<\/p>\n\n\n\n<p>Soreca je kao klju\u010dne izazove izdvojio potrebu za reformom obrazovnog sistema, nemoderniziranu industriju, kao i nedovoljno iskori\u0161ten potencijal \u010diste energije.<\/p>\n\n\n\n<p>&#8211; Reforme predvi\u0111ene agendom imaju za cilj uklanjanje tih prepreka i omogu\u0107avanje pogodnosti od evropskih integracija i prije formalnog \u010dlanstva u EU \u2013 dodao je Soreca uo\u010di Foruma organizovanog u Europe House.<\/p>\n\n\n\n<p>Naglasio je da je fokus reformi na oblastima bliskim gra\u0111anima, poput digitalizacije, \u010diste energije, razvoja privatnog sektora, ja\u010danja ljudskog kapitala i vladavine prava.<\/p>\n\n\n\n<p>Finansijska sredstva su, prema njegovim rije\u010dima, vezana za sprovo\u0111enje reformi, a izostanak djelovanja ve\u0107 je doveo do gubitka 108 miliona eura i prijeti gubitkom dodatnih 373 miliona eura.<\/p>\n\n\n\n<p>&#8211; Moj zadatak ovdje je da pozovem jo\u0161 jednom doma\u0107e vlasti da ostvare napredak u realizaciji Reformske agende, prije svega kroz ratifikaciju sporazuma o zajmu i sporazuma o finansijskom instrumentu. Ti sporazumi predstavljaju pravni osnov za bilo kakve eventualne isplate, odnosno otvaraju mogu\u0107nost isplate sredstava u iznosu od 68 miliona eura u okviru predfinansiranja \u2013 istakao je Soreca.<\/p>\n\n\n\n<p>Forum je okupio predstavnike institucija BiH, Evropske unije, organizacija civilnog dru\u0161tva, socijalnih partnera i akademske zajednice da bi, kako je rekla izvr\u0161na direktorica TI BiH Ivana Korajli\u0107, razgovarali i uspostavili odre\u0111ene mehanizme konsultacija i pra\u0107enja provedbe Reformske agende.<\/p>\n\n\n\n<p>&#8211; Bosna i Hercegovina nije potpisala klju\u010dne sporazume niti uspostavila neophodne institucionalne strukture, zbog \u010dega realno nije ni zapo\u010dela provedbu reformi. Zbog ka\u0161njenja u provo\u0111enju klju\u010dnih koraka ve\u0107 je izgubljeno vi\u0161e od 100 miliona eura, a do kraja godine prijeti gubitak dodatnih oko 370 miliona eura \u2013 navela je Korajli\u0107. &nbsp;<\/p>\n\n\n\n<p>Problem, kako je dodala, nije samo u novcu, ve\u0107 u poruci koju politi\u010dki lideri \u0161alju \u2013 da ne postoji stvarna posve\u0107enost ni konsenzus oko evropskih integracija.<\/p>\n\n\n\n<p>&#8211; Izgovori o nemogu\u0107nosti dogovora vi\u0161e ne stoje, jer je pokazano da se odluke mogu donijeti brzo kada postoji odre\u0111eni interes, a \u0161to se pokazalo posljednjih dana u vezi pitanja Ju\u017ene plinske interkonekcije \u2013 navela je Korajli\u0107.<\/p>\n\n\n\n<p>CONFRA BiH \u0107e slu\u017eiti kao platforma kroz koju se civilno dru\u0161tvo i drugi relevantni akteri mogu organizovati, pripremiti za uspostavljanje institucionalnog okvira za provedbu i doprinijeti ovom procesu kao konstruktivan partner, ali i kao korektivni faktor u pra\u0107enju ispunjavanja preuzetih obaveza.<\/p>\n","protected":false},"excerpt":{"rendered":"<p>SARAJEVO &#8211; Transparency International u Bosni i Hercegovini (TI BiH) danas je u Sarajevu organizovao &#8220;Prvi Konsultacijski forum o provedbi Reformske agende u BiH\u201c (CONFRA BiH), s ciljem otvaranja dijaloga izme\u0111u institucija i civilnog dru\u0161tva o provedbi Reformske agende i Plana rasta za Zapadni Balkan u BiH. Taj dijalog je posebno va\u017ean jer Bosna i [&hellip;]<\/p>\n","protected":false},"author":3,"featured_media":3684,"comment_status":"closed","ping_status":"closed","sticky":false,"template":"","format":"standard","meta":{"footnotes":""},"categories":[3],"tags":[920],"class_list":["post-3682","post","type-post","status-publish","format-standard","has-post-thumbnail","hentry","category-bih","tag-ti-bih"],"_links":{"self":[{"href":"https:\/\/eu.fena.ba\/index.php?rest_route=\/wp\/v2\/posts\/3682","targetHints":{"allow":["GET"]}}],"collection":[{"href":"https:\/\/eu.fena.ba\/index.php?rest_route=\/wp\/v2\/posts"}],"about":[{"href":"https:\/\/eu.fena.ba\/index.php?rest_route=\/wp\/v2\/types\/post"}],"author":[{"embeddable":true,"href":"https:\/\/eu.fena.ba\/index.php?rest_route=\/wp\/v2\/users\/3"}],"replies":[{"embeddable":true,"href":"https:\/\/eu.fena.ba\/index.php?rest_route=%2Fwp%2Fv2%2Fcomments&post=3682"}],"version-history":[{"count":1,"href":"https:\/\/eu.fena.ba\/index.php?rest_route=\/wp\/v2\/posts\/3682\/revisions"}],"predecessor-version":[{"id":3685,"href":"https:\/\/eu.fena.ba\/index.php?rest_route=\/wp\/v2\/posts\/3682\/revisions\/3685"}],"wp:featuredmedia":[{"embeddable":true,"href":"https:\/\/eu.fena.ba\/index.php?rest_route=\/wp\/v2\/media\/3684"}],"wp:attachment":[{"href":"https:\/\/eu.fena.ba\/index.php?rest_route=%2Fwp%2Fv2%2Fmedia&parent=3682"}],"wp:term":[{"taxonomy":"category","embeddable":true,"href":"https:\/\/eu.fena.ba\/index.php?rest_route=%2Fwp%2Fv2%2Fcategories&post=3682"},{"taxonomy":"post_tag","embeddable":true,"href":"https:\/\/eu.fena.ba\/index.php?rest_route=%2Fwp%2Fv2%2Ftags&post=3682"}],"curies":[{"name":"wp","href":"https:\/\/api.w.org\/{rel}","templated":true}]}}