{"id":3679,"date":"2026-04-29T13:48:00","date_gmt":"2026-04-29T11:48:00","guid":{"rendered":"https:\/\/eu.fena.ba\/?p=3679"},"modified":"2026-04-29T13:48:01","modified_gmt":"2026-04-29T11:48:01","slug":"u-tijeku-su-radovi-na-sanaciji-biciklisticko-pjesacke-staze-u-capljini","status":"publish","type":"post","link":"https:\/\/eu.fena.ba\/?p=3679","title":{"rendered":"U tijeku su radovi na sanaciji biciklisti\u010dko-pje\u0161a\u010dke staze u \u010capljini"},"content":{"rendered":"\n<p>\u010cAPLJINA &#8211;\u00a0U \u010capljini su u tijeku radovi na sanaciji postoje\u0107e biciklisti\u010dko-pje\u0161a\u010dke staze na Gradini, koja uskoro dobiva potpuno novo ruho. Sanacija se provodi u sklopu me\u0111unarodnog projekta &#8220;GREENPULSE&#8221;, u kojem osim Grada \u010capljine sudjeluju Grad Makarska i Javno poduze\u0107e za upravljanje morskim dobrom Crne Gore.<\/p>\n\n\n\n<p>Projekt &#8220;GREENPULSE&#8221; ima za cilj povezivanje lokalnih staza s europskom mre\u017eom Eurovelo 8, promicanje o\u010duvanja vodnih resursa te smanjenje emisije CO\u2082. Time se ubla\u017eavaju negativni u\u010dinci prekomjernog turizma i podi\u017ee kvaliteta te otpornost lokalnog turizma, priop\u0107eno je iz Grada \u010capljine.<\/p>\n\n\n\n<p>Staza u \u010capljini uskoro \u0107e biti obnovljena, opremljena kantama za sme\u0107e i klupama, a posebna atrakcija bit \u0107e vidikovac s panoramom. Nova infrastruktura namijenjena je gra\u0111anima \u010capljine, ali i sve brojnijim cikloturistima koji ovaj kraj otkrivaju kao destinaciju aktivnog odmora.<\/p>\n\n\n\n<p>&#8220;&#8216;GREENPULSE&#8217; je vi\u0161e od same sanacije staze \u2013 rije\u010d je o strate\u0161kom ulaganju u budu\u0107nost \u010capljine. Ovim projektom grad dobiva infrastrukturu koja omogu\u0107ava organizaciju me\u0111unarodnih utrka brdskog biciklizma, ali i sadr\u017eaje za rekreativce, obitelji i vikend-turiste. Na\u0161a vizija je da \u010capljina postane prepoznatljivo regionalno sredi\u0161te cikloturizma, gdje se prirodne ljepote spajaju s odr\u017eivim razvojem&#8221;, isti\u010de Marko Borovac, projekni menad\u017eer.<\/p>\n\n\n\n<p>\u010capljina tako \u0161iri i oboga\u0107uje svoju turisti\u010dku i sportsko-rekreativnu ponudu, stvaraju\u0107i uvjete za privla\u010denje novih posjetitelja i dugoro\u010dni odr\u017eivi razvoj.<\/p>\n\n\n\n<p>Projekt GREENPULSE financiran je kroz program Interreg IPA HR-BA-ME, a ukupna vrijednost projekta iznosi 1.348.068,72 eura. Rok trajanja projekta je 31. prosinca 2026. godine.<\/p>\n","protected":false},"excerpt":{"rendered":"<p>\u010cAPLJINA &#8211;\u00a0U \u010capljini su u tijeku radovi na sanaciji postoje\u0107e biciklisti\u010dko-pje\u0161a\u010dke staze na Gradini, koja uskoro dobiva potpuno novo ruho. Sanacija se provodi u sklopu me\u0111unarodnog projekta &#8220;GREENPULSE&#8221;, u kojem osim Grada \u010capljine sudjeluju Grad Makarska i Javno poduze\u0107e za upravljanje morskim dobrom Crne Gore. Projekt &#8220;GREENPULSE&#8221; ima za cilj povezivanje lokalnih staza s europskom [&hellip;]<\/p>\n","protected":false},"author":3,"featured_media":3680,"comment_status":"closed","ping_status":"closed","sticky":false,"template":"","format":"standard","meta":{"footnotes":""},"categories":[4],"tags":[644,919],"class_list":["post-3679","post","type-post","status-publish","format-standard","has-post-thumbnail","hentry","category-eu-fondovi-programi","tag-capljina","tag-greenpulse"],"_links":{"self":[{"href":"https:\/\/eu.fena.ba\/index.php?rest_route=\/wp\/v2\/posts\/3679","targetHints":{"allow":["GET"]}}],"collection":[{"href":"https:\/\/eu.fena.ba\/index.php?rest_route=\/wp\/v2\/posts"}],"about":[{"href":"https:\/\/eu.fena.ba\/index.php?rest_route=\/wp\/v2\/types\/post"}],"author":[{"embeddable":true,"href":"https:\/\/eu.fena.ba\/index.php?rest_route=\/wp\/v2\/users\/3"}],"replies":[{"embeddable":true,"href":"https:\/\/eu.fena.ba\/index.php?rest_route=%2Fwp%2Fv2%2Fcomments&post=3679"}],"version-history":[{"count":1,"href":"https:\/\/eu.fena.ba\/index.php?rest_route=\/wp\/v2\/posts\/3679\/revisions"}],"predecessor-version":[{"id":3681,"href":"https:\/\/eu.fena.ba\/index.php?rest_route=\/wp\/v2\/posts\/3679\/revisions\/3681"}],"wp:featuredmedia":[{"embeddable":true,"href":"https:\/\/eu.fena.ba\/index.php?rest_route=\/wp\/v2\/media\/3680"}],"wp:attachment":[{"href":"https:\/\/eu.fena.ba\/index.php?rest_route=%2Fwp%2Fv2%2Fmedia&parent=3679"}],"wp:term":[{"taxonomy":"category","embeddable":true,"href":"https:\/\/eu.fena.ba\/index.php?rest_route=%2Fwp%2Fv2%2Fcategories&post=3679"},{"taxonomy":"post_tag","embeddable":true,"href":"https:\/\/eu.fena.ba\/index.php?rest_route=%2Fwp%2Fv2%2Ftags&post=3679"}],"curies":[{"name":"wp","href":"https:\/\/api.w.org\/{rel}","templated":true}]}}