{"id":3667,"date":"2026-04-28T13:54:22","date_gmt":"2026-04-28T11:54:22","guid":{"rendered":"https:\/\/eu.fena.ba\/?p=3667"},"modified":"2026-04-28T13:54:23","modified_gmt":"2026-04-28T11:54:23","slug":"bih-i-hrvatska-potpisale-sporazum-o-izgradnji-juzne-plinske-interkonekcije","status":"publish","type":"post","link":"https:\/\/eu.fena.ba\/?p=3667","title":{"rendered":"BiH i Hrvatska potpisale sporazum o izgradnji Ju\u017ene plinske interkonekcije"},"content":{"rendered":"\n<p>DUBROVNIK &#8211; Predsjedavaju\u0107a Vije\u0107a ministara BiH Borjana Kri\u0161to i premijer Republike Hrvatske Andrej Plenkovi\u0107 u utorak su u Dubrovniku u prisustvu ameri\u010dkog ministra energetike Chrisa Wrighta, potpisali Sporazum o izgradnji projekta Ju\u017ena plinska interkonekcija, kojeg su prethodno odobrili dr\u017eavni ministri i Predsjedni\u0161tvo BiH.<\/p>\n\n\n\n<p>Vlada Republike Hrvatske tako\u0111er je u utorak odr\u017eala sjednicu na kojoj je donijela Odluku o pokretanju postupka za sklapanje Sporazuma izme\u0111u Vlade Republike Hrvatske i Vije\u0107a ministara Bosne i Hercegovine o izgradnji plinovoda &#8220;Ju\u017ena interkonekcija Republike Hrvatske i Bosne i Hercegovine&#8221;.<\/p>\n","protected":false},"excerpt":{"rendered":"<p>DUBROVNIK &#8211; Predsjedavaju\u0107a Vije\u0107a ministara BiH Borjana Kri\u0161to i premijer Republike Hrvatske Andrej Plenkovi\u0107 u utorak su u Dubrovniku u prisustvu ameri\u010dkog ministra energetike Chrisa Wrighta, potpisali Sporazum o izgradnji projekta Ju\u017ena plinska interkonekcija, kojeg su prethodno odobrili dr\u017eavni ministri i Predsjedni\u0161tvo BiH. Vlada Republike Hrvatske tako\u0111er je u utorak odr\u017eala sjednicu na kojoj je [&hellip;]<\/p>\n","protected":false},"author":3,"featured_media":3668,"comment_status":"closed","ping_status":"closed","sticky":false,"template":"","format":"standard","meta":{"footnotes":""},"categories":[1],"tags":[52,155,612],"class_list":["post-3667","post","type-post","status-publish","format-standard","has-post-thumbnail","hentry","category-ekonomija","tag-bih","tag-hrvatska","tag-juzna-interkonekcija"],"_links":{"self":[{"href":"https:\/\/eu.fena.ba\/index.php?rest_route=\/wp\/v2\/posts\/3667","targetHints":{"allow":["GET"]}}],"collection":[{"href":"https:\/\/eu.fena.ba\/index.php?rest_route=\/wp\/v2\/posts"}],"about":[{"href":"https:\/\/eu.fena.ba\/index.php?rest_route=\/wp\/v2\/types\/post"}],"author":[{"embeddable":true,"href":"https:\/\/eu.fena.ba\/index.php?rest_route=\/wp\/v2\/users\/3"}],"replies":[{"embeddable":true,"href":"https:\/\/eu.fena.ba\/index.php?rest_route=%2Fwp%2Fv2%2Fcomments&post=3667"}],"version-history":[{"count":1,"href":"https:\/\/eu.fena.ba\/index.php?rest_route=\/wp\/v2\/posts\/3667\/revisions"}],"predecessor-version":[{"id":3669,"href":"https:\/\/eu.fena.ba\/index.php?rest_route=\/wp\/v2\/posts\/3667\/revisions\/3669"}],"wp:featuredmedia":[{"embeddable":true,"href":"https:\/\/eu.fena.ba\/index.php?rest_route=\/wp\/v2\/media\/3668"}],"wp:attachment":[{"href":"https:\/\/eu.fena.ba\/index.php?rest_route=%2Fwp%2Fv2%2Fmedia&parent=3667"}],"wp:term":[{"taxonomy":"category","embeddable":true,"href":"https:\/\/eu.fena.ba\/index.php?rest_route=%2Fwp%2Fv2%2Fcategories&post=3667"},{"taxonomy":"post_tag","embeddable":true,"href":"https:\/\/eu.fena.ba\/index.php?rest_route=%2Fwp%2Fv2%2Ftags&post=3667"}],"curies":[{"name":"wp","href":"https:\/\/api.w.org\/{rel}","templated":true}]}}