{"id":3660,"date":"2026-04-27T20:47:27","date_gmt":"2026-04-27T18:47:27","guid":{"rendered":"https:\/\/eu.fena.ba\/?p=3660"},"modified":"2026-04-27T20:47:27","modified_gmt":"2026-04-27T18:47:27","slug":"berset-bih-mora-sama-odluciti-sta-zeli-vijece-evrope-je-tu-da-pruzi-podrsku","status":"publish","type":"post","link":"https:\/\/eu.fena.ba\/?p=3660","title":{"rendered":"Berset: BiH mora sama odlu\u010diti \u0161ta \u017eeli, Vije\u0107e Evrope je tu da pru\u017ei podr\u0161ku"},"content":{"rendered":"\n<p>SARAJEVO &#8211; Generalni sekretar Vije\u0107a Evrope Alain Berset izjavio je da je Bosna i Hercegovina suverena dr\u017eava \u010dije vlasti same moraju odlu\u010diti \u0161ta \u017eele posti\u0107i. Naglasio je zna\u010daj provo\u0111enja reformi, posebno u oblasti izbornog zakonodavstva te izvr\u0161enje presuda Evropskog suda za ljudska prava, potcrtav\u0161i da su to neka od klju\u010dnih pitanja.\u00a0<\/p>\n\n\n\n<figure class=\"wp-block-embed is-type-rich is-provider-ugradi-alat-za-upravljanje wp-block-embed-ugradi-alat-za-upravljanje wp-embed-aspect-16-9 wp-has-aspect-ratio\"><div class=\"wp-block-embed__wrapper\">\n<iframe loading=\"lazy\" title=\"Berset: BiH mora sama odlu\u010diti \u0161ta \u017eeli, Vije\u0107e Evrope je tu da pru\u017ei podr\u0161ku\" width=\"640\" height=\"360\" src=\"https:\/\/www.youtube.com\/embed\/v-6-U1Blt-I?feature=oembed\" frameborder=\"0\" allow=\"accelerometer; autoplay; clipboard-write; encrypted-media; gyroscope; picture-in-picture; web-share\" referrerpolicy=\"strict-origin-when-cross-origin\" allowfullscreen><\/iframe>\n<\/div><\/figure>\n\n\n\n<p>Govore\u0107i o tome \u0161ta Vije\u0107e Evrope o\u010dekuje od pristupa bh. vlasti kada je u pitanju ispunjavanje potrebnih reformi te Akcionom planu Vije\u0107a Evrope za Bosnu i Hercegovinu za period 2026 &#8211; 2029, kazao je da je BiH suverena dr\u017eava i da njene vlasti moraju odlu\u010diti \u0161ta \u017eele.<\/p>\n\n\n\n<p>&#8211; Na\u0161a uloga nije govoriti Bosni i Hercegovini \u0161ta da radi. Na\u0161a je uloga biti uz zemlju kada postoji neko kretanje ka unaprje\u0111enju zakona, pobolj\u0161anju pravnog okvira te rje\u0161avanju glavnih problema s kojima se manje-vi\u0161e sve zemlje suo\u010davaju. Mislim tu na borbu protiv korupcije, nezavisnost pravosu\u0111a, izvr\u0161enje presuda suda, unaprje\u0111enje izbornog okvira i zakonodavstva. Mi smo konstruktivno uz sve zemlje, ne samo u BiH. U Sarajevu imamo ured sa vi\u0161e od 30 ljudi koji rade na implementaciji Akcionog plana. To radimo u mnogim dr\u017eavama, s ciljem postizanja konvergencije oko evropskih vrijednosti &#8211; pojasnio je Berset u razgovoru za Fenu tokom posjete BiH.&nbsp;<\/p>\n\n\n\n<p>Evropa je, kako ka\u017ee, kontinent sa 46 dr\u017eava, s velikom raznoliko\u0161\u0107u, ali i zna\u010dajnim nivoom fragmentacije.<\/p>\n\n\n\n<p>&#8211; To mo\u017eemo posmatrati kao bogatstvo, ne\u0161to pozitivno, ali ujedno i kao izazov. Upravo zato su potrebne organizacije s dugom tradicijom poput Vije\u0107a Evrope da bismo zajedno napredovali &#8211; naglasio je.<\/p>\n\n\n\n<p>Komentiraju\u0107i napredak BiH u pogledu demokratije i vladavine prava te govore\u0107i o izazovima koji jo\u0161 postoje, kazao je da je klju\u010dni izazov za cijelu regiju \u010dinjenica da postoje dr\u017eave \u010dlanice Vije\u0107a Evrope koje su ujedno i \u010dlanice Evropske unije (EU), zatim one koje bi uskoro mogle postati \u010dlanice EU, ali jo\u0161 nisu te druge gdje taj proces jo\u0161 nije blizu.<\/p>\n\n\n\n<p>&#8211; Izazov je osigurati koherentnost u cijeloj regiji, uzimaju\u0107i u obzir historiju i slo\u017eenost, ali i \u010dinjenicu da gra\u0111ani zaslu\u017euju perspektivu razvoja &#8211; za sebe, svoju djecu i porodice. Upravu tu Vije\u0107e Evrope mo\u017ee imati va\u017enu ulogu &#8211; istakao je.<\/p>\n\n\n\n<p>Tako\u0111er, kada je BiH u pitanju, napomenuo je da postoji jo\u0161 jedan va\u017ean aspekt, s obzirom na njenu nedavnu historiju, posljednjih 30 godina nakon Dejtonskog sporazuma.<\/p>\n\n\n\n<p>&#8211; Taj sporazum je sna\u017ean okvir za stabilnost i mir. Istovremeno, upravo zbog toga \u0161to je to vrlo sna\u017ean okvir, nije jednostavno osigurati potrebne ve\u0107ine za reforme i unaprje\u0111enje pravnog okvira. Moramo se poigrati s ova dva elementa, nagla\u0161avaju\u0107i \u010dinjenicu da je Dejtonski sporazum izuzetno va\u017ean za stabilnost, ali i da mora biti mogu\u0107e provesti potrebne reforme gdje je to potrebno. Jedno od klju\u010dnih pitanja je izborni okvir i izvr\u0161enje presuda Evropskog suda za ljudska prava, poput slu\u010daja Sejdi\u0107-Finci &#8211; kazao je Berset.<\/p>\n\n\n\n<p>Naglasio je da Vije\u0107e Evrope mo\u017ee pomo\u0107i u ja\u010danju funkcionalnosti institucija i politi\u010dkog dijaloga u zemlji svojom prisutno\u0161\u0107u, zajedni\u010dkim razvojem projekata i programa te da \u0107e upravo to u\u010diniti s Akcionim planom 2026 &#8211; 2029.<\/p>\n\n\n\n<p>Komentiraju\u0107i \u010deste politi\u010dke blokade i institucionalne zastoje u BiH, generalni sekretar Vije\u0107a Evrope ka\u017ee da ga je jedna stvar iznenadila.<\/p>\n\n\n\n<p>&#8211; Bio sam prili\u010dno impresioniran tokom posljednja dva dana. Vidjeli smo ogromne razlike izme\u0111u predstavnika vlasti. Oni su daleko od toga da se sla\u017eu o svim pitanjima. Me\u0111utim, istovremeno sjede za istim stolom, otvoreno razgovaraju, direktni su i slu\u0161aju jedni druge. Bez ove mogu\u0107nosti, pa i da se me\u0111usobno raspravljaju, nikada ne\u0107e biti mogu\u0107e posti\u0107i ne\u0161to pozitivno. To je preduslov koji moramo imati &#8211; konstruktivan dijalog &#8211; istakao je, dodaju\u0107i da je to je jo\u0161 jedno pitanje gdje Vije\u0107e Europe, uz svoje iskustvo, mo\u017ee pomo\u0107i.<\/p>\n\n\n\n<p>Generalni sekretar Vije\u0107a Evrope osvrnuo se i na zna\u010daj implementacije presuda Evropskog suda za ljudska prava, podvukav\u0161i da jedna dr\u017eava ne mo\u017ee biti \u010dlan Vije\u0107a Evrope, obavezati se na po\u0161tivanje konvencije i presuda, a zatim ih ne provoditi.<\/p>\n\n\n\n<p>&#8211; Presuda Sejdi\u0107 i Finci stara je ve\u0107 16 godina i potrebno je posti\u0107i napredak. U suprotnom, BiH \u0107e na jesen ponovo imati izbore u diskriminatornom okviru. To se mora promijeniti. Poenta nije u tome da se rezultati moraju odmah posti\u0107i, jer u tako slo\u017eenom dru\u0161tvu kao \u0161to je BiH, normalno je i logi\u010dno da neke odluke zahtijevaju vrijeme. Me\u0111utim, najva\u017enije je da se ne\u0161to doga\u0111a, jer to zna\u010di da postoji pozitivna volja &#8211; mi\u0161ljenje je \u010delnik Vije\u0107a Evrope.<\/p>\n\n\n\n<p>Izme\u0111u ostalog, komentirao je i slobodu medija u Bosni i Hercegovini, istakav\u0161i da se moraju ispuniti odre\u0111eni preduslove za funkcionalnu demokratiju.<\/p>\n\n\n\n<p>&#8211; A jedan od preduslova je sloboda govora i mi\u0161ljenja. Osim po\u0161tenih izbora i dobrog izbornog okvira, jedan od od cetralnih elemenata su nezavisni mediji s razli\u010ditim stavovima \u2013 kazao je, dodaju\u0107i da postoje i izazovi poput dezinformacija i stranih uticaja, \u0161to zahtijeva zajedni\u010dki pristup i razmjenu iskustava.<\/p>\n\n\n\n<p>Na pitanje koji su njegovi prioriteti na \u010delu Vije\u0107a Evrope kada je rije\u010d o zapadnom Balkanu i kako planira unaprijediti saradnju s dr\u017eavama regiona, kazao je da je jedan od glavnih ciljeva sagledati regiju u cjelini u svoj njenoj raznolikosti, ponekad sa prili\u010dno te\u0161kom situacijom, te raditi na zajedni\u010dkim temama.<\/p>\n\n\n\n<p>&#8211; U ovoj situaciji treba imati sveobuhvatan pristup za cijelu regiju, bez podjela me\u0111u dr\u017eavama. Jedan od ciljeva ovog mandata bio bi, ako je mogu\u0107e, prona\u0107i neke teme gdje \u017eelimo ne\u0161to zajedno razviti i organizirati i regionalne sastanke samite gdje bismo mogli rje\u0161avati ta zajedni\u010dka pitanja. To bi bio jedan od va\u017enih ciljeva za koje se nadam da \u0107e biti mogu\u0107e posti\u0107i &#8211; zaklju\u010dio je Fenin sagovornik.<\/p>\n","protected":false},"excerpt":{"rendered":"<p>SARAJEVO &#8211; Generalni sekretar Vije\u0107a Evrope Alain Berset izjavio je da je Bosna i Hercegovina suverena dr\u017eava \u010dije vlasti same moraju odlu\u010diti \u0161ta \u017eele posti\u0107i. Naglasio je zna\u010daj provo\u0111enja reformi, posebno u oblasti izbornog zakonodavstva te izvr\u0161enje presuda Evropskog suda za ljudska prava, potcrtav\u0161i da su to neka od klju\u010dnih pitanja.\u00a0 Govore\u0107i o tome \u0161ta [&hellip;]<\/p>\n","protected":false},"author":3,"featured_media":3662,"comment_status":"closed","ping_status":"closed","sticky":false,"template":"","format":"standard","meta":{"footnotes":""},"categories":[3],"tags":[911],"class_list":["post-3660","post","type-post","status-publish","format-standard","has-post-thumbnail","hentry","category-bih","tag-alain-barset"],"_links":{"self":[{"href":"https:\/\/eu.fena.ba\/index.php?rest_route=\/wp\/v2\/posts\/3660","targetHints":{"allow":["GET"]}}],"collection":[{"href":"https:\/\/eu.fena.ba\/index.php?rest_route=\/wp\/v2\/posts"}],"about":[{"href":"https:\/\/eu.fena.ba\/index.php?rest_route=\/wp\/v2\/types\/post"}],"author":[{"embeddable":true,"href":"https:\/\/eu.fena.ba\/index.php?rest_route=\/wp\/v2\/users\/3"}],"replies":[{"embeddable":true,"href":"https:\/\/eu.fena.ba\/index.php?rest_route=%2Fwp%2Fv2%2Fcomments&post=3660"}],"version-history":[{"count":1,"href":"https:\/\/eu.fena.ba\/index.php?rest_route=\/wp\/v2\/posts\/3660\/revisions"}],"predecessor-version":[{"id":3663,"href":"https:\/\/eu.fena.ba\/index.php?rest_route=\/wp\/v2\/posts\/3660\/revisions\/3663"}],"wp:featuredmedia":[{"embeddable":true,"href":"https:\/\/eu.fena.ba\/index.php?rest_route=\/wp\/v2\/media\/3662"}],"wp:attachment":[{"href":"https:\/\/eu.fena.ba\/index.php?rest_route=%2Fwp%2Fv2%2Fmedia&parent=3660"}],"wp:term":[{"taxonomy":"category","embeddable":true,"href":"https:\/\/eu.fena.ba\/index.php?rest_route=%2Fwp%2Fv2%2Fcategories&post=3660"},{"taxonomy":"post_tag","embeddable":true,"href":"https:\/\/eu.fena.ba\/index.php?rest_route=%2Fwp%2Fv2%2Ftags&post=3660"}],"curies":[{"name":"wp","href":"https:\/\/api.w.org\/{rel}","templated":true}]}}