{"id":3656,"date":"2026-04-27T16:38:20","date_gmt":"2026-04-27T14:38:20","guid":{"rendered":"https:\/\/eu.fena.ba\/?p=3656"},"modified":"2026-04-27T16:38:20","modified_gmt":"2026-04-27T14:38:20","slug":"eu-donira-opremu-granicnoj-policiji-bih-za-borbu-protiv-krijumcarenja-migranata-i-trgovine-ljudima","status":"publish","type":"post","link":"https:\/\/eu.fena.ba\/?p=3656","title":{"rendered":"EU donira opremu Grani\u010dnoj policiji BiH za borbu protiv krijum\u010darenja migranata i trgovine ljudima"},"content":{"rendered":"\n<p>SARAJEVO &#8211; Evropska unija, Njema\u010dka, Italija i Nizozemska uru\u010dile su specijaliziranu opremu Grani\u010dnoj policiji Bosne i Hercegovine s ciljem ja\u010danja operativne spremnosti slu\u017ebenika i pobolj\u0161anja kapaciteta upravljanja granicama, saop\u0107ila je Delegacija Evropske unije u BiH.<\/p>\n\n\n\n<p>Primopredaja je uprili\u010dena danas u Sarajevu i obuhvata paket opreme sa specijaliziranim pove\u0107alima za pregled dokumenata, detektorima otkucaja srca za pronalazak osoba u sakrivenim pregradama kamiona i drugih vozila u situacijama koje \u010desto uklju\u010duju nehumane uslove i rizike opasne po \u017eivot, kao i patrolni \u010damac za reagovanje na incidente na rijekama uklju\u010duju\u0107i operacije potrage i spa\u0161avanja u slu\u010dajevima kada migranti poku\u0161avaju opasne prelaske i dovode sebe u opasnost od utapanja.<\/p>\n\n\n\n<p>Ova primopredaja je dio \u0161ireg paketa pomo\u0107i za izgradnju kapaciteta koji kombinira specijaliziranu opremu i obuku, s ukupnim ulaganjem od oko 200.000 eura, u okviru projekta EU4FAST.<\/p>\n\n\n\n<figure class=\"wp-block-image\"><img decoding=\"async\" src=\"https:\/\/www.fena.ba\/author\/assets\/uploads\/2026\/04\/m_3a94e1ece9de9a340fc89e08dbeebae9.jpg\" alt=\"\"\/><\/figure>\n\n\n\n<p>&#8211; Efikasno upravljanje granicama danas zahtijeva modernu tehnologiju, vje\u0161to osoblje i sna\u017ene institucije, a ova podr\u0161ka je osmi\u0161ljena na na\u010din da podr\u017ei sva tri navedena aspekta. Ova primopredaja je primjer prakti\u010dne i konkretne podr\u0161ku koju Evropska unija, zajedno sa svojim dr\u017eavama \u010dlanicama, nastupaju\u0107i kao \u201eTim Evropa\u201c, pru\u017ea u Bosni i Hercegovini u suo\u010davanju s izazovima krijum\u010darenja migranata, trgovine ljudima i upravljanja granicama u cjelini. Ja\u010danje kapaciteta Grani\u010dne policije tako\u0111er direktno poma\u017ee Bosni i Hercegovini u uskla\u0111ivanju sa standardima EU, posebno iz okvira poglavlja 23 i 24 procesa pristupanja EU. EU ostaje posve\u0107ena podr\u0161ci Bosni i Hercegovini na njenom evropskom putu, kroz reforme koje ja\u010daju sigurnost, vladavinu prava i regionalnu saradnju. Pored toga, va\u017eno je da Bosna i Hercegovina a\u017eurira svoje planove za nepredvi\u0111ene situacije i bude pripravna u slu\u010daju pove\u0107anog priliva neregularnih migranata &#8211; rekao je ambasador Luigi Soreca, \u0161ef Delegacije EU i specijalni predstavnik EU u BiH.<\/p>\n\n\n\n<p>Direktor Grani\u010dne policije BiH Mirko Kupre\u0161akovi\u0107 naglasio je va\u017enost doniranog \u010damca za rad slu\u017ebenika na terenu.<\/p>\n\n\n\n<p>&#8211; Savremena oprema omogu\u0107ava br\u017eu, efikasniju i sigurniju reakciju na\u0161ih slu\u017ebenika na sve izazove s kojima se kontinuirano susre\u0107u u svakodnevnom radu. Ova podr\u0161ka dolazi u pravom trenutku, kada su sigurnosni izazovi sve kompleksniji, a potreba za modernizacijom i ja\u010danjem kapaciteta institucija sve izra\u017eenija. \u017delim izraziti iskrenu zahvalnost Evropskoj uniji, ambasadama SR Njema\u010dke, Italije, Francuske i Holandije, kao i svim partnerima koji su u\u010destvovali u realizaciji projekta EU4FAST. Posebno \u017eelim ista\u0107i zna\u010dajnu podr\u0161ku Frontexa Grani\u010dnoj policiji BiH, koja doprinosi ja\u010danju na\u0161ih operativnih kapaciteta i efikasnosti rada. Va\u0161a podr\u0161ka i povjerenje dodatno nas motiviraju da nastavimo graditi profesionalnu, modernu i efikasnu Grani\u010dnu policiju BiH &#8211; rekao je Kupre\u0161akovi\u0107.<\/p>\n\n\n\n<p>&#8211; Njema\u010dka je ponosna \u0161to doprinosi ovom zajedni\u010dkom naporu kombiniraju\u0107i nacionalnu stru\u010dnost s evropskim resursima kako bi se postigli konkretni i odr\u017eivi rezultati u okviru Team Europe pristupa. Anga\u017eman GIZ-a i Njema\u010dke savezne policije (Bundespolizei) posebno odra\u017eava posve\u0107enost Njema\u010dke dijeljenju prakti\u010dnog iskustva i operativnog znanja sa partnerskim zemljama iz regije zapadnog Balkana, naro\u010dito sa Bosnom i Hercegovinom. Pro\u0161le sedmice imali smo dobar primjer \u0161ta to zna\u010di u praksi: stru\u010dnjaci iz njema\u010dke savezne policije su proveli specijaliziranu obuku za slu\u017ebenike Grani\u010dne policije u BiH. Glavni fokus bio je na pregledu dokumenata i kori\u0161tenju detektora otkucaja srca, direktno povezuju\u0107i opremu s operativnim vje\u0161tinama. Sljede\u0107e sedmice obuka \u0107e se ponoviti za drugu grupu pripravnika i odu\u0161evljen sam \u0161to smo uspostavili ovu prakti\u010dnu i uspje\u0161nu saradnju &#8211; rekao je ambasador Njema\u010dke u BiH Alfred Grannas.&nbsp;<\/p>\n\n\n\n<figure class=\"wp-block-image\"><img decoding=\"async\" src=\"https:\/\/www.fena.ba\/author\/assets\/uploads\/2026\/04\/m_7787f3c6f4f2b3c3d14d32eb1d4b5b87.jpg\" alt=\"\"\/><\/figure>\n\n\n\n<p>&#8211; Dana\u0161nja primopredaja nije samo jedna isporuka opreme. Ona odra\u017eava odr\u017eivo partnerstvo izgra\u0111eno godinama saradnje, povjerenja i zajedni\u010dke odgovornosti. Ono \u010demu danas svjedo\u010dimo rezultat je kontinuiranih zajedni\u010dkih napora za ja\u010danje kapaciteta i odgovor na promjenjive izazove na granici. Na\u0161a saradnja je strate\u0161ka i usmjerena na budu\u0107nost. Gradimo na onome \u0161to funkcionira, u\u010dimo iz iskustva i ula\u017eemo tamo gdje to \u010dini stvarnu razliku. Svaki doprinos je osmi\u0161ljen da oja\u010da prethodne napore, osiguravaju\u0107i kontinuitet, koherentnost i mjerljive rezultate &#8211; rekao je Oliver Janser, projekt-menad\u017eer EU4FAST-a.<\/p>\n\n\n\n<p>Podr\u0161ka je u okviru projekta EU4FAST, regionalne inicijative koja podr\u017eava borbu protiv trgovine ljudima i krijum\u010darenja migranata \u0161irom zapadnog Balkana, vrijedne vi\u0161e od 50 miliona eura. Projekat finansiraju Evropska unija, Savezno ministarstvo za ekonomsku saradnju i razvoj (BMZ) Njema\u010dke, Ministarstvo unutra\u0161njih poslova Italije i Ministarstvo vanjskih poslova Nizozemske. Provodi ga konzorcij implementacijskih partnera, predvo\u0111en GIZ-om.<\/p>\n","protected":false},"excerpt":{"rendered":"<p>SARAJEVO &#8211; Evropska unija, Njema\u010dka, Italija i Nizozemska uru\u010dile su specijaliziranu opremu Grani\u010dnoj policiji Bosne i Hercegovine s ciljem ja\u010danja operativne spremnosti slu\u017ebenika i pobolj\u0161anja kapaciteta upravljanja granicama, saop\u0107ila je Delegacija Evropske unije u BiH. Primopredaja je uprili\u010dena danas u Sarajevu i obuhvata paket opreme sa specijaliziranim pove\u0107alima za pregled dokumenata, detektorima otkucaja srca za [&hellip;]<\/p>\n","protected":false},"author":3,"featured_media":3657,"comment_status":"closed","ping_status":"closed","sticky":false,"template":"","format":"standard","meta":{"footnotes":""},"categories":[3],"tags":[747,915],"class_list":["post-3656","post","type-post","status-publish","format-standard","has-post-thumbnail","hentry","category-bih","tag-delegacaija-eu-u-bih","tag-granicna-policija-bih"],"_links":{"self":[{"href":"https:\/\/eu.fena.ba\/index.php?rest_route=\/wp\/v2\/posts\/3656","targetHints":{"allow":["GET"]}}],"collection":[{"href":"https:\/\/eu.fena.ba\/index.php?rest_route=\/wp\/v2\/posts"}],"about":[{"href":"https:\/\/eu.fena.ba\/index.php?rest_route=\/wp\/v2\/types\/post"}],"author":[{"embeddable":true,"href":"https:\/\/eu.fena.ba\/index.php?rest_route=\/wp\/v2\/users\/3"}],"replies":[{"embeddable":true,"href":"https:\/\/eu.fena.ba\/index.php?rest_route=%2Fwp%2Fv2%2Fcomments&post=3656"}],"version-history":[{"count":1,"href":"https:\/\/eu.fena.ba\/index.php?rest_route=\/wp\/v2\/posts\/3656\/revisions"}],"predecessor-version":[{"id":3658,"href":"https:\/\/eu.fena.ba\/index.php?rest_route=\/wp\/v2\/posts\/3656\/revisions\/3658"}],"wp:featuredmedia":[{"embeddable":true,"href":"https:\/\/eu.fena.ba\/index.php?rest_route=\/wp\/v2\/media\/3657"}],"wp:attachment":[{"href":"https:\/\/eu.fena.ba\/index.php?rest_route=%2Fwp%2Fv2%2Fmedia&parent=3656"}],"wp:term":[{"taxonomy":"category","embeddable":true,"href":"https:\/\/eu.fena.ba\/index.php?rest_route=%2Fwp%2Fv2%2Fcategories&post=3656"},{"taxonomy":"post_tag","embeddable":true,"href":"https:\/\/eu.fena.ba\/index.php?rest_route=%2Fwp%2Fv2%2Ftags&post=3656"}],"curies":[{"name":"wp","href":"https:\/\/api.w.org\/{rel}","templated":true}]}}