{"id":3649,"date":"2026-04-27T14:07:05","date_gmt":"2026-04-27T12:07:05","guid":{"rendered":"https:\/\/eu.fena.ba\/?p=3649"},"modified":"2026-04-27T14:07:05","modified_gmt":"2026-04-27T12:07:05","slug":"berset-clanstvo-u-vijecu-evrope-podrazumijeva-i-prihvatanje-presuda-evropskog-suda-za-ljudska-prava","status":"publish","type":"post","link":"https:\/\/eu.fena.ba\/?p=3649","title":{"rendered":"Berset: \u010clanstvo u Vije\u0107u Evrope podrazumijeva i prihvatanje presuda Evropskog suda za ljudska prava"},"content":{"rendered":"\n<p>SARAJEVO &#8211;\u00a0Generalni sekretar Vije\u0107a Evrope Alain Berset izjavio je danas u Sarajevu nakon sastanka s \u010dlanovima Predsjedni\u0161tva BiH da \u010dlanstvo u toj organizaciji podrazumijeva sna\u017enu opredijeljenost za evropske vrijednosti te da je odlu\u010duju\u0107a opredijeljenost za Evropsku konvenciju o ljudskim pravima, kao\u00a0 i prihvatanje presuda Evropskog suda za ljudska prava.<\/p>\n\n\n\n<figure class=\"wp-block-embed is-type-rich is-provider-ugradi-alat-za-upravljanje wp-block-embed-ugradi-alat-za-upravljanje wp-embed-aspect-16-9 wp-has-aspect-ratio\"><div class=\"wp-block-embed__wrapper\">\n<iframe loading=\"lazy\" title=\"Berset: \u010clanstvo u Vije\u0107u Evrope podrazumijeva i prihvatanje presuda Evropskog suda za ljudska prava\" width=\"640\" height=\"360\" src=\"https:\/\/www.youtube.com\/embed\/hBw_o2RyLWQ?feature=oembed\" frameborder=\"0\" allow=\"accelerometer; autoplay; clipboard-write; encrypted-media; gyroscope; picture-in-picture; web-share\" referrerpolicy=\"strict-origin-when-cross-origin\" allowfullscreen><\/iframe>\n<\/div><\/figure>\n\n\n\n<p>&#8211; Mi smo i dalje opredijeljeni da pomognemo Bosni i Hercegovini i znamo da je to izazov i nala\u017eenje zajedni\u010dkog je va\u017eno za sve u Evropi, i u ovoj regiji i me\u0111u zemljama koje su \u010dlanice EU i onima koje \u0107e to tek postati &#8211; poru\u010dio je&nbsp;Berset.<\/p>\n\n\n\n<p>Istakao je da ova posjeta mora biti po\u010detak saradnje na realizaciji Akcionog plana i podr\u0161ka svim naporima koje \u0107e BiH imati na izvr\u0161enju presuda&nbsp;Evropskog suda za ljudska prava.<\/p>\n\n\n\n<p>Berset je najavio pokretanje Akcionog plana Vije\u0107a Evrope za Bosnu i Hercegovinu (2026\u20132029.) s ciljem podr\u0161ke demokratskom upravljanju, vladavini prava i ljudskim pravima.<\/p>\n\n\n\n<p>Naveo je da je uloga Vije\u0107a Evrope da radi na dugoro\u010dnim ciljevima &#8220;jer&nbsp;moramo biti u stanju da razmi\u0161ljamo u decenijama i da imamo perspektive za zemlje, demokratske institucije i za populacije&#8221;.<\/p>\n\n\n\n<p>Predsjedavaju\u0107i Predsjedni\u0161tva BiH Denis Be\u0107irovi\u0107 naveo je da&nbsp;BiH ostaje posve\u0107ena ljudskim pravima, demokratiji i vladavini prava, \u0161to su i temeljne vrijednosti Vije\u0107a Evrope.<\/p>\n\n\n\n<p>Zahvalio je na najnovijoj rezoluciji Parlamentarne skup\u0161tine Vije\u0107a Evrope u kojoj je iskazana podr\u0161ka nezavisnosti i teritorijalnoj cjelovitosti BiH te jasno ukazano na opasnosti koje prijete od pojedinih destruktivnih snaga koje ugro\u017eavaju Dejtonski mirovni sporazum i ustavni poredak BiH.<\/p>\n\n\n\n<p>Be\u0107irovi\u0107 je istakao da smo du\u017eni da provedemo sve presude Evropskog suda za ljudska prava i da nam je cilj ukinuti sistemsku diskriminaciju koja je utvr\u0111ena tim presudama kako bi postigli da svi gra\u0111ani budu jednaki pred zakonom.<\/p>\n\n\n\n<p>Dodao je da je va\u017eno poslati poruku doma\u0107oj i me\u0111unarodnoj javnosti da u Bosni i Hercegovini vi\u0161e nema mjesta ni za kakve nove linije razdvajanja, etni\u010dke podjele i bilo kakve ideje o podjelama i tre\u0107em entitetu.<\/p>\n\n\n\n<p>Generalni sekretar Berset doputovao je u slu\u017ebenu posjetu Bosni i Hercegovini, a osim s \u010dlanovima Predsjedni\u0161tva planirano je da se sastane i sa \u010dlanovima Parlamentarne skup\u0161tine Bosne i Hercegovine i njenom delegacijom u Parlamentarnoj skup\u0161tini Vije\u0107a Evrope, kao i sa predstavnicima organizacija civilnog dru\u0161tva.<\/p>\n","protected":false},"excerpt":{"rendered":"<p>SARAJEVO &#8211;\u00a0Generalni sekretar Vije\u0107a Evrope Alain Berset izjavio je danas u Sarajevu nakon sastanka s \u010dlanovima Predsjedni\u0161tva BiH da \u010dlanstvo u toj organizaciji podrazumijeva sna\u017enu opredijeljenost za evropske vrijednosti te da je odlu\u010duju\u0107a opredijeljenost za Evropsku konvenciju o ljudskim pravima, kao\u00a0 i prihvatanje presuda Evropskog suda za ljudska prava. &#8211; Mi smo i dalje opredijeljeni [&hellip;]<\/p>\n","protected":false},"author":3,"featured_media":3651,"comment_status":"closed","ping_status":"closed","sticky":false,"template":"","format":"standard","meta":{"footnotes":""},"categories":[3],"tags":[911,912],"class_list":["post-3649","post","type-post","status-publish","format-standard","has-post-thumbnail","hentry","category-bih","tag-alain-barset","tag-vijece-evrope"],"_links":{"self":[{"href":"https:\/\/eu.fena.ba\/index.php?rest_route=\/wp\/v2\/posts\/3649","targetHints":{"allow":["GET"]}}],"collection":[{"href":"https:\/\/eu.fena.ba\/index.php?rest_route=\/wp\/v2\/posts"}],"about":[{"href":"https:\/\/eu.fena.ba\/index.php?rest_route=\/wp\/v2\/types\/post"}],"author":[{"embeddable":true,"href":"https:\/\/eu.fena.ba\/index.php?rest_route=\/wp\/v2\/users\/3"}],"replies":[{"embeddable":true,"href":"https:\/\/eu.fena.ba\/index.php?rest_route=%2Fwp%2Fv2%2Fcomments&post=3649"}],"version-history":[{"count":1,"href":"https:\/\/eu.fena.ba\/index.php?rest_route=\/wp\/v2\/posts\/3649\/revisions"}],"predecessor-version":[{"id":3652,"href":"https:\/\/eu.fena.ba\/index.php?rest_route=\/wp\/v2\/posts\/3649\/revisions\/3652"}],"wp:featuredmedia":[{"embeddable":true,"href":"https:\/\/eu.fena.ba\/index.php?rest_route=\/wp\/v2\/media\/3651"}],"wp:attachment":[{"href":"https:\/\/eu.fena.ba\/index.php?rest_route=%2Fwp%2Fv2%2Fmedia&parent=3649"}],"wp:term":[{"taxonomy":"category","embeddable":true,"href":"https:\/\/eu.fena.ba\/index.php?rest_route=%2Fwp%2Fv2%2Fcategories&post=3649"},{"taxonomy":"post_tag","embeddable":true,"href":"https:\/\/eu.fena.ba\/index.php?rest_route=%2Fwp%2Fv2%2Ftags&post=3649"}],"curies":[{"name":"wp","href":"https:\/\/api.w.org\/{rel}","templated":true}]}}