{"id":3646,"date":"2026-04-26T14:42:40","date_gmt":"2026-04-26T12:42:40","guid":{"rendered":"https:\/\/eu.fena.ba\/?p=3646"},"modified":"2026-04-26T14:43:36","modified_gmt":"2026-04-26T12:43:36","slug":"peter-magyar-najavio-da-u-srijedu-ide-u-brisel-na-sastanak-sa-ursulom-von-der-leyen","status":"publish","type":"post","link":"https:\/\/eu.fena.ba\/?p=3646","title":{"rendered":"Peter Magyar najavio da u srijedu ide u Brisel na sastanak sa Ursulom von der Leyen"},"content":{"rendered":"\n<p>SARAJEVO &#8211; Peter Magyar, lider stranke Tisza koja je pobijedila na parlamentarnim izborima u Ma\u0111arskoj, najavio je posjetu Briselu u srijedu i sastanak sa predsjednicom Evropske komisije Ursulom von der Leyen.<\/p>\n\n\n\n<p>&#8211; U srijedu \u0107u otputovati u Brisel na neformalne razgovore s predsjednicom Evropske komisije, rekao je on na dru\u0161tvenoj mre\u017ei kompanije X.<\/p>\n\n\n\n<p>Istakao je da \u0107e tema razgovora za Von der Leyen biti osloba\u0111anje sredstava EU fondova koja je Evropska unija zamrzla zbog sporova sa odlaze\u0107im ma\u0111arskim premijerom Viktorom Orbanom, javlja Anadolija.<\/p>\n\n\n\n<p>&#8211; Nemamo vremena za gubljenje, poru\u010dio je Magyar.<\/p>\n\n\n\n<p>Peter Magyar je ostvario ubjedljivu pobjedu nad Viktorom Orbanom na parlamentarnim izborima odr\u017eanim 12. aprila, prema podacima Nacionalne izborne kancelarije.<\/p>\n\n\n\n<p>Magyar je ranije ovog mjeseca, nakon zavr\u0161etka prve runde visokih pregovora s predstavnicima Evropske komisije u Budimpe\u0161ti, izjavio da su pregovori s Evropskom komisijom u Budimpe\u0161ti klju\u010dni za deblokadu milijardi eura iz fondova EU.<\/p>\n\n\n\n<p>On je poru\u010dio da ta sredstva pripadaju Ma\u0111arskoj, te najavio reformske mjere, uklju\u010duju\u0107i borbu protiv korupcije, ja\u010danje nezavisnosti pravosu\u0111a i medija, kao i saradnju s evropskim institucijama kako bi se ubrzao pristup fondovima.<\/p>\n","protected":false},"excerpt":{"rendered":"<p>SARAJEVO &#8211; Peter Magyar, lider stranke Tisza koja je pobijedila na parlamentarnim izborima u Ma\u0111arskoj, najavio je posjetu Briselu u srijedu i sastanak sa predsjednicom Evropske komisije Ursulom von der Leyen. &#8211; U srijedu \u0107u otputovati u Brisel na neformalne razgovore s predsjednicom Evropske komisije, rekao je on na dru\u0161tvenoj mre\u017ei kompanije X. Istakao je [&hellip;]<\/p>\n","protected":false},"author":3,"featured_media":3647,"comment_status":"closed","ping_status":"closed","sticky":false,"template":"","format":"standard","meta":{"footnotes":""},"categories":[2],"tags":[899],"class_list":["post-3646","post","type-post","status-publish","format-standard","has-post-thumbnail","hentry","category-eu-institucije","tag-peter-magyar"],"_links":{"self":[{"href":"https:\/\/eu.fena.ba\/index.php?rest_route=\/wp\/v2\/posts\/3646","targetHints":{"allow":["GET"]}}],"collection":[{"href":"https:\/\/eu.fena.ba\/index.php?rest_route=\/wp\/v2\/posts"}],"about":[{"href":"https:\/\/eu.fena.ba\/index.php?rest_route=\/wp\/v2\/types\/post"}],"author":[{"embeddable":true,"href":"https:\/\/eu.fena.ba\/index.php?rest_route=\/wp\/v2\/users\/3"}],"replies":[{"embeddable":true,"href":"https:\/\/eu.fena.ba\/index.php?rest_route=%2Fwp%2Fv2%2Fcomments&post=3646"}],"version-history":[{"count":1,"href":"https:\/\/eu.fena.ba\/index.php?rest_route=\/wp\/v2\/posts\/3646\/revisions"}],"predecessor-version":[{"id":3648,"href":"https:\/\/eu.fena.ba\/index.php?rest_route=\/wp\/v2\/posts\/3646\/revisions\/3648"}],"wp:featuredmedia":[{"embeddable":true,"href":"https:\/\/eu.fena.ba\/index.php?rest_route=\/wp\/v2\/media\/3647"}],"wp:attachment":[{"href":"https:\/\/eu.fena.ba\/index.php?rest_route=%2Fwp%2Fv2%2Fmedia&parent=3646"}],"wp:term":[{"taxonomy":"category","embeddable":true,"href":"https:\/\/eu.fena.ba\/index.php?rest_route=%2Fwp%2Fv2%2Fcategories&post=3646"},{"taxonomy":"post_tag","embeddable":true,"href":"https:\/\/eu.fena.ba\/index.php?rest_route=%2Fwp%2Fv2%2Ftags&post=3646"}],"curies":[{"name":"wp","href":"https:\/\/api.w.org\/{rel}","templated":true}]}}