{"id":3609,"date":"2026-04-23T08:07:51","date_gmt":"2026-04-23T06:07:51","guid":{"rendered":"https:\/\/eu.fena.ba\/?p=3609"},"modified":"2026-04-23T08:07:51","modified_gmt":"2026-04-23T06:07:51","slug":"sastanak-predsjedateljice-vijeca-ministara-bih-kristo-s-coweb-radnom-skupinom-za-zapadni-balkan","status":"publish","type":"post","link":"https:\/\/eu.fena.ba\/?p=3609","title":{"rendered":"Sastanak predsjedateljice Vije\u0107a ministara BiH Kri\u0161to s COWEB radnom skupinom za Zapadni Balkan"},"content":{"rendered":"\n<p>SARAJEVO &#8211; Predsjedateljica Vije\u0107a ministara Bosne i Hercegovine Borjana Kri\u0161to odr\u017eala je danas sastanak s predstavnicima COWEB radne skupine za regiju Zapadnog Balkana, na kojem se razgovaralo o aktualnostima na europskom putu Bosne i Hercegovine, regionalnoj suradnji, kao i nu\u017enostima rje\u0161avanja otvorenih pitanja.<\/p>\n\n\n\n<p>Predsjedateljica Kri\u0161to istaknula je \u010dvrstu opredijeljenost institucija Bosne i Hercegovine za nastavak procesa europskih integracija, naglasiv\u0161i kako je ostvareni napredak potrebno dodatno osna\u017eiti provedbom preostalih reformskih prioriteta. Posebno je nagla\u0161ena va\u017enost ja\u010danja vladavine prava, u\u010dinkovitosti institucija te uskla\u0111ivanja zakonodavstva s pravnom ste\u010devinom Europske unije.<\/p>\n\n\n\n<p>Tijekom razgovora posebna pozornost posve\u0107ena je reformi Izbornog zakona Bosne i Hercegovine, kao jednom od klju\u010dnih preduvjeta za daljnji demokratski razvoj i funkcionalnost institucija. Istaknuto je kako je postizanje odr\u017eivog rje\u0161enja nu\u017eno za osiguranje jednakopravnosti konstitutivnih naroda i drugih gra\u0111ana, kao i za stabilno funkcioniranje politi\u010dkog sustava.<\/p>\n\n\n\n<figure class=\"wp-block-image\"><img decoding=\"async\" src=\"https:\/\/www.fena.ba\/author\/assets\/uploads\/2026\/04\/m_fa20d9a9cc88b6672d630323c473e292.jpg\" alt=\"\"\/><\/figure>\n\n\n\n<p>U kontekstu regionalne suradnje, istaknuta je njezina klju\u010dna uloga u o\u010duvanju stabilnosti i poticanju regionalnog gospodarskog razvoja. Nagla\u0161ena je potreba za daljnjim ja\u010danjem dobrosusjedskih odnosa, povezivanjem tr\u017ei\u0161ta i razmjenom iskustava u provedbi reformi na putu prema \u010dlanstvu u Europskoj uniji.<\/p>\n\n\n\n<p>Na kraju sastanka potvr\u0111ena je spremnost za nastavak intenzivne suradnje i partnerskog odnosa, s ciljem ubrzanja europskog puta Bosne i Hercegovine i ja\u010danja stabilnosti cijele regije, saop\u0107eno je iz Vije\u0107a ministara BiH.<\/p>\n","protected":false},"excerpt":{"rendered":"<p>SARAJEVO &#8211; Predsjedateljica Vije\u0107a ministara Bosne i Hercegovine Borjana Kri\u0161to odr\u017eala je danas sastanak s predstavnicima COWEB radne skupine za regiju Zapadnog Balkana, na kojem se razgovaralo o aktualnostima na europskom putu Bosne i Hercegovine, regionalnoj suradnji, kao i nu\u017enostima rje\u0161avanja otvorenih pitanja. Predsjedateljica Kri\u0161to istaknula je \u010dvrstu opredijeljenost institucija Bosne i Hercegovine za nastavak [&hellip;]<\/p>\n","protected":false},"author":3,"featured_media":3610,"comment_status":"closed","ping_status":"closed","sticky":false,"template":"","format":"standard","meta":{"footnotes":""},"categories":[3],"tags":[20,903],"class_list":["post-3609","post","type-post","status-publish","format-standard","has-post-thumbnail","hentry","category-bih","tag-borjana-kristo","tag-coweb"],"_links":{"self":[{"href":"https:\/\/eu.fena.ba\/index.php?rest_route=\/wp\/v2\/posts\/3609","targetHints":{"allow":["GET"]}}],"collection":[{"href":"https:\/\/eu.fena.ba\/index.php?rest_route=\/wp\/v2\/posts"}],"about":[{"href":"https:\/\/eu.fena.ba\/index.php?rest_route=\/wp\/v2\/types\/post"}],"author":[{"embeddable":true,"href":"https:\/\/eu.fena.ba\/index.php?rest_route=\/wp\/v2\/users\/3"}],"replies":[{"embeddable":true,"href":"https:\/\/eu.fena.ba\/index.php?rest_route=%2Fwp%2Fv2%2Fcomments&post=3609"}],"version-history":[{"count":1,"href":"https:\/\/eu.fena.ba\/index.php?rest_route=\/wp\/v2\/posts\/3609\/revisions"}],"predecessor-version":[{"id":3611,"href":"https:\/\/eu.fena.ba\/index.php?rest_route=\/wp\/v2\/posts\/3609\/revisions\/3611"}],"wp:featuredmedia":[{"embeddable":true,"href":"https:\/\/eu.fena.ba\/index.php?rest_route=\/wp\/v2\/media\/3610"}],"wp:attachment":[{"href":"https:\/\/eu.fena.ba\/index.php?rest_route=%2Fwp%2Fv2%2Fmedia&parent=3609"}],"wp:term":[{"taxonomy":"category","embeddable":true,"href":"https:\/\/eu.fena.ba\/index.php?rest_route=%2Fwp%2Fv2%2Fcategories&post=3609"},{"taxonomy":"post_tag","embeddable":true,"href":"https:\/\/eu.fena.ba\/index.php?rest_route=%2Fwp%2Fv2%2Ftags&post=3609"}],"curies":[{"name":"wp","href":"https:\/\/api.w.org\/{rel}","templated":true}]}}